{"id":68428,"date":"2026-03-08T12:00:51","date_gmt":"2026-03-08T12:00:51","guid":{"rendered":"https:\/\/immo.lecourrier.es\/index.php\/2026\/03\/08\/omo-retail-va-developper-le-plus-grand-parc-commercial-et-de-loisirs-de-madrid-a-el-canaveral-2\/"},"modified":"2026-04-24T19:20:28","modified_gmt":"2026-04-24T19:20:28","slug":"omo-retail-va-developper-le-plus-grand-parc-commercial-et-de-loisirs-de-madrid-a-el-canaveral-2","status":"publish","type":"post","link":"https:\/\/immo.lecourrier.es\/index.php\/2026\/03\/08\/omo-retail-va-developper-le-plus-grand-parc-commercial-et-de-loisirs-de-madrid-a-el-canaveral-2\/","title":{"rendered":"Omo Retail va d\u00e9velopper le plus grand parc commercial et de loisirs de Madrid \u00e0 El Ca\u00f1averal"},"content":{"rendered":"<p><span dir=\"auto\" style=\"vertical-align: inherit\"><span dir=\"auto\" style=\"vertical-align: inherit\"><\/p>\n<p><em>Situ\u00e9 au sud-est de Madrid, \u00e0 Vic\u00e1lvaro, le terrain o\u00f9 sera am\u00e9nag\u00e9 le parc b\u00e9n\u00e9ficie d&#8217;une &#8220;visibilit\u00e9 et de voies de communication privil\u00e9gi\u00e9es&#8221;.<\/em><\/p>\n<p><strong>Omo Retail<\/strong> et la <strong>Junta de Compensaci\u00f3n<\/strong> de <strong>El Ca\u00f1averal<\/strong> ont conclu un accord pour le d\u00e9veloppement du terrain commercial appel\u00e9 <strong>MCO<\/strong>.<\/p>\n<p>Il s&#8217;agira du plus grand parc commercial et de loisirs de taille moyenne de la ville de <strong>Madrid<\/strong>. Les travaux devraient commencer au printemps de l&#8217;ann\u00e9e prochaine.<\/p>\n<p>Il s&#8217;agit d&#8217;un terrain urbain consolid\u00e9, selon la planification actuelle, d&#8217;une superficie de 216.000 m2, dont l&#8217;usage tertiaire-commercial, de loisirs et r\u00e9cr\u00e9atif est de 90.000 m2.<\/p>\n<p>Situ\u00e9 au sud-est de <strong>Madrid<\/strong>, dans le quartier de <strong>Vic\u00e1lvaro<\/strong>, le terrain b\u00e9n\u00e9ficie d&#8217;une &#8220;visibilit\u00e9 et de voies de communication privil\u00e9gi\u00e9es&#8221;, puisqu&#8217;il se trouve entre la <strong>M-45<\/strong> et la <strong>R-3<\/strong>.<\/p>\n<p>La commercialisation du retail park a \u00e9t\u00e9 confi\u00e9e \u00e0 la soci\u00e9t\u00e9 de conseil immobilier <strong>Savills<\/strong>, qui a d\u00e9j\u00e0 commenc\u00e9 \u00e0 prendre contact avec les principaux op\u00e9rateurs ayant manifest\u00e9 leur int\u00e9r\u00eat pour faire partie du projet.<\/p>\n<p><strong>Omo Retail<\/strong>, entreprise sp\u00e9cialis\u00e9e dans le d\u00e9veloppement de parcs commerciaux, est d\u00e9j\u00e0 plong\u00e9e dans la pr\u00e9paration du projet, dans lequel elle introduira &#8220;des normes \u00e9lev\u00e9es de durabilit\u00e9 environnementale&#8221;.<\/p>\n<h3 class=\"wp-block-heading\"><strong>Derni\u00e8res nouvelles du commerce de d\u00e9tail<\/strong><\/h3>\n<p><strong>Polestar<\/strong> s&#8217;installe au 214 de la <strong>rue Rossell\u00f3<\/strong> \u00e0 <strong>Barcelone<\/strong>. Le magasin aura une superficie de 240 m2. La marque de v\u00e9hicules \u00e9lectriques dispose actuellement de deux \u00e9tablissements \u00e0 <strong>Madrid<\/strong> et d&#8217;un \u00e0 <strong>Barcelone<\/strong>.<\/p>\n<p><strong>Aretail<\/strong> recrute <strong>Jorge Rodr\u00edguez<\/strong> en tant que Country Manager au <strong>Portugal<\/strong>. Avec plus de 30 ans d&#8217;exp\u00e9rience, Rodr\u00edguez sera responsable de l&#8217;expansion de la soci\u00e9t\u00e9 de conseil immobilier sp\u00e9cialis\u00e9e dans la vente et la location de locaux commerciaux sur le march\u00e9 portugais.<\/p>\n<p><strong>Lefties<\/strong> ouvre un magasin <strong>num\u00e9rique<\/strong> de plus de 3.300 m2 \u00e0 <strong>Valence<\/strong>. Le nouveau <strong>magasin<\/strong> <strong>num\u00e9rique<\/strong> <strong>Lefties<\/strong> int\u00e8gre la boutique physique au canal en ligne et se trouve \u00e0 <strong>Col\u00f3n<\/strong>, l&#8217;une des rues commer\u00e7antes de la capitale valencienne.<\/p>\n<figure class=\"wp-block-image size-large\"><a href=\"https:\/\/www.opea.io\"><img decoding=\"async\" src=\"https:\/\/immo.lecourrier.es\/wp-content\/uploads\/2026\/03\/image-4-7-1024x105.jpg\"><\/a><\/figure>\n<p><\/span><\/span><\/p>\n","protected":false},"excerpt":{"rendered":"<p>Situ\u00e9 au sud-est de Madrid, \u00e0 Vic\u00e1lvaro, le terrain o\u00f9 sera am\u00e9nag\u00e9 le parc b\u00e9n\u00e9ficie d&#8217;une &#8220;visibilit\u00e9 et de voies de communication privil\u00e9gi\u00e9es&#8221;. Omo Retail et la Junta de Compensaci\u00f3n de El Ca\u00f1averal ont conclu un accord pour le d\u00e9veloppement du terrain commercial appel\u00e9 MCO. Il s&#8217;agira du plus grand parc commercial et de loisirs [&hellip;]<\/p>\n","protected":false},"author":13,"featured_media":22192,"comment_status":"open","ping_status":"closed","sticky":false,"template":"","format":"standard","meta":{"om_disable_all_campaigns":false,"_monsterinsights_skip_tracking":false,"_monsterinsights_sitenote_active":false,"_monsterinsights_sitenote_note":"","_monsterinsights_sitenote_category":0,"_uf_show_specific_survey":0,"_uf_disable_surveys":false,"footnotes":""},"categories":[212,234],"tags":[],"class_list":["post-68428","post","type-post","status-publish","format-standard","has-post-thumbnail","hentry","category-breaking-news","category-logistique-retail"],"acf":[],"_links":{"self":[{"href":"https:\/\/immo.lecourrier.es\/index.php\/wp-json\/wp\/v2\/posts\/68428","targetHints":{"allow":["GET"]}}],"collection":[{"href":"https:\/\/immo.lecourrier.es\/index.php\/wp-json\/wp\/v2\/posts"}],"about":[{"href":"https:\/\/immo.lecourrier.es\/index.php\/wp-json\/wp\/v2\/types\/post"}],"author":[{"embeddable":true,"href":"https:\/\/immo.lecourrier.es\/index.php\/wp-json\/wp\/v2\/users\/13"}],"replies":[{"embeddable":true,"href":"https:\/\/immo.lecourrier.es\/index.php\/wp-json\/wp\/v2\/comments?post=68428"}],"version-history":[{"count":0,"href":"https:\/\/immo.lecourrier.es\/index.php\/wp-json\/wp\/v2\/posts\/68428\/revisions"}],"wp:featuredmedia":[{"embeddable":true,"href":"https:\/\/immo.lecourrier.es\/index.php\/wp-json\/wp\/v2\/media\/22192"}],"wp:attachment":[{"href":"https:\/\/immo.lecourrier.es\/index.php\/wp-json\/wp\/v2\/media?parent=68428"}],"wp:term":[{"taxonomy":"category","embeddable":true,"href":"https:\/\/immo.lecourrier.es\/index.php\/wp-json\/wp\/v2\/categories?post=68428"},{"taxonomy":"post_tag","embeddable":true,"href":"https:\/\/immo.lecourrier.es\/index.php\/wp-json\/wp\/v2\/tags?post=68428"}],"curies":[{"name":"wp","href":"https:\/\/api.w.org\/{rel}","templated":true}]}}