{"id":68427,"date":"2026-03-08T12:00:45","date_gmt":"2026-03-08T12:00:45","guid":{"rendered":"https:\/\/immo.lecourrier.es\/index.php\/2026\/03\/08\/wework-depose-son-bilan-apres-avoir-ete-incapable-de-faire-face-a-une-dette-de-186-milliards-deuros-2\/"},"modified":"2026-04-24T19:20:26","modified_gmt":"2026-04-24T19:20:26","slug":"wework-depose-son-bilan-apres-avoir-ete-incapable-de-faire-face-a-une-dette-de-186-milliards-deuros-2","status":"publish","type":"post","link":"https:\/\/immo.lecourrier.es\/index.php\/2026\/03\/08\/wework-depose-son-bilan-apres-avoir-ete-incapable-de-faire-face-a-une-dette-de-186-milliards-deuros-2\/","title":{"rendered":"WeWork d\u00e9pose son bilan apr\u00e8s avoir \u00e9t\u00e9 incapable de faire face \u00e0 une dette de 18,6 milliards d&#8217;euros"},"content":{"rendered":"<p><span dir=\"auto\" style=\"vertical-align: inherit\"><span dir=\"auto\" style=\"vertical-align: inherit\"><\/p>\n<p><em>La soci\u00e9t\u00e9 de location de bureaux flexibles a \u00e9t\u00e9 \u00e9valu\u00e9e \u00e0 48 milliards de dollars, mais elle s&#8217;est effondr\u00e9e apr\u00e8s la publication de documents pr\u00e9liminaires \u00e0 son introduction en bourse en 2019.<\/em><\/p>\n<p>WeWork d\u00e9pose son bilan. La soci\u00e9t\u00e9 new-yorkaise de location de bureaux flexibles, jadis \u00e9valu\u00e9e \u00e0 48 milliards de dollars, <strong>a d\u00e9pos\u00e9 son bilan car elle n&#8217;est pas en mesure de faire face \u00e0 ses 18,6 milliards de dollars de dettes <\/strong>dans le cadre du chapitre 11, l&#8217;\u00e9quivalent am\u00e9ricain de la faillite.<\/p>\n<p>Dans un communiqu\u00e9, <strong>WeWork a d\u00e9clar\u00e9 avoir conclu un accord de soutien \u00e0 la restructuration (RSA) avec les d\u00e9tenteurs repr\u00e9sentant environ 92% de ses billets garantis<\/strong>, ce qui r\u00e9duit la dette financ\u00e9e existante de la soci\u00e9t\u00e9 d&#8217;environ 3 milliards de dollars.<\/p>\n<p>En outre, la soci\u00e9t\u00e9 fond\u00e9e par Adam Neumann a d\u00e9clar\u00e9 <strong>qu&#8217;elle allait rationaliser son portefeuille de location de bureaux<\/strong>. Plus pr\u00e9cis\u00e9ment, WeWork d\u00e9clare qu&#8217;elle cherchera \u00e0 r\u00e9silier les baux de certains sites, &#8220;dont la plupart ne sont pas op\u00e9rationnels et pour lesquels toutes les parties concern\u00e9es ont re\u00e7u un pr\u00e9avis&#8221;.<\/p>\n<p>La soci\u00e9t\u00e9 a ajout\u00e9 que la faillite facilitera la r\u00e9siliation de certains baux, car elle cherche \u00e0 assurer la continuit\u00e9 de ses activit\u00e9s. WeWork a d\u00e9clar\u00e9 dans son communiqu\u00e9 que &#8220;<strong>les op\u00e9rations mondiales devraient se poursuivre comme d&#8217;habitude<\/strong>&#8220;. Pour l&#8217;instant, la proc\u00e9dure de faillite concerne les \u00c9tats-Unis et le Canada, mais pas les autres pays.<\/p>\n<h3 class=\"wp-block-heading\"><strong>WeWork indique dans son communiqu\u00e9 que &#8220;les op\u00e9rations mondiales devraient se poursuivre comme d&#8217;habitude&#8221;<\/strong><\/h3>\n<p>Le groupe dispose de 660 espaces \u00e0 louer dans 37 pays et compte 100.000 cr\u00e9anciers. <strong>Le plus grand cr\u00e9ancier de WeWork est US Bank Trust, avec une dette d&#8217;un peu plus de 180 millions de dollars<\/strong>.<\/p>\n<p>Lors de la pr\u00e9sentation de ses r\u00e9sultats semestriels en juillet dernier, WeWork avait d\u00e9j\u00e0 exprim\u00e9 des &#8220;doutes substantiels&#8221; sur la viabilit\u00e9 de son activit\u00e9 et a depuis subi plusieurs chutes \u00e0 la Bourse de New York. La derni\u00e8re en date remonte \u00e0 la semaine derni\u00e8re, lorsque les actions du g\u00e9ant du coworking ont plong\u00e9 de plus de 50%, \u00e0 1,10$ par action, apr\u00e8s que le Wall Street Journal a rapport\u00e9 que l&#8217;entreprise envisageait de d\u00e9poser le bilan dans les prochains jours.<\/p>\n<p><strong>WeWork est entr\u00e9 en bourse en 2021<\/strong> \u00e0 la suite d&#8217;une fusion avec la soci\u00e9t\u00e9 d&#8217;acquisition \u00e0 but sp\u00e9cifique (Spac) BowX Acquisition. La multinationale fond\u00e9e par Adam Neumann a d\u00e9j\u00e0 \u00e9t\u00e9 \u00e9valu\u00e9e \u00e0 50 milliards de dollars.<\/p>\n<p>Lors de sa premi\u00e8re tentative d&#8217;introduction en bourse, la valeur de l&#8217;entreprise a chut\u00e9 lorsque les documents relatifs \u00e0 l&#8217;introduction en bourse ont r\u00e9v\u00e9l\u00e9 une perte de 1,9 milliard de dollars et que l&#8217;entreprise \u00e9tait sur le point d&#8217;\u00e9puiser ses liquidit\u00e9s restantes. Pendant la crise de WeWork, qui a conduit au d\u00e9part du fondateur Adam Neuman, le groupe japonais Softbank est devenu le principal actionnaire de l&#8217;entreprise.<\/p>\n<p><\/span><\/span><\/p>\n","protected":false},"excerpt":{"rendered":"<p>La soci\u00e9t\u00e9 de location de bureaux flexibles a \u00e9t\u00e9 \u00e9valu\u00e9e \u00e0 48 milliards de dollars, mais elle s&#8217;est effondr\u00e9e apr\u00e8s la publication de documents pr\u00e9liminaires \u00e0 son introduction en bourse en 2019. WeWork d\u00e9pose son bilan. La soci\u00e9t\u00e9 new-yorkaise de location de bureaux flexibles, jadis \u00e9valu\u00e9e \u00e0 48 milliards de dollars, a d\u00e9pos\u00e9 son bilan [&hellip;]<\/p>\n","protected":false},"author":13,"featured_media":22188,"comment_status":"open","ping_status":"closed","sticky":false,"template":"","format":"standard","meta":{"om_disable_all_campaigns":false,"_monsterinsights_skip_tracking":false,"_monsterinsights_sitenote_active":false,"_monsterinsights_sitenote_note":"","_monsterinsights_sitenote_category":0,"_uf_show_specific_survey":0,"_uf_disable_surveys":false,"footnotes":""},"categories":[212,4504],"tags":[],"class_list":["post-68427","post","type-post","status-publish","format-standard","has-post-thumbnail","hentry","category-breaking-news","category-resilience-agri"],"acf":[],"_links":{"self":[{"href":"https:\/\/immo.lecourrier.es\/index.php\/wp-json\/wp\/v2\/posts\/68427","targetHints":{"allow":["GET"]}}],"collection":[{"href":"https:\/\/immo.lecourrier.es\/index.php\/wp-json\/wp\/v2\/posts"}],"about":[{"href":"https:\/\/immo.lecourrier.es\/index.php\/wp-json\/wp\/v2\/types\/post"}],"author":[{"embeddable":true,"href":"https:\/\/immo.lecourrier.es\/index.php\/wp-json\/wp\/v2\/users\/13"}],"replies":[{"embeddable":true,"href":"https:\/\/immo.lecourrier.es\/index.php\/wp-json\/wp\/v2\/comments?post=68427"}],"version-history":[{"count":0,"href":"https:\/\/immo.lecourrier.es\/index.php\/wp-json\/wp\/v2\/posts\/68427\/revisions"}],"wp:featuredmedia":[{"embeddable":true,"href":"https:\/\/immo.lecourrier.es\/index.php\/wp-json\/wp\/v2\/media\/22188"}],"wp:attachment":[{"href":"https:\/\/immo.lecourrier.es\/index.php\/wp-json\/wp\/v2\/media?parent=68427"}],"wp:term":[{"taxonomy":"category","embeddable":true,"href":"https:\/\/immo.lecourrier.es\/index.php\/wp-json\/wp\/v2\/categories?post=68427"},{"taxonomy":"post_tag","embeddable":true,"href":"https:\/\/immo.lecourrier.es\/index.php\/wp-json\/wp\/v2\/tags?post=68427"}],"curies":[{"name":"wp","href":"https:\/\/api.w.org\/{rel}","templated":true}]}}