{"id":68424,"date":"2026-03-08T11:52:14","date_gmt":"2026-03-08T11:52:14","guid":{"rendered":"https:\/\/immo.lecourrier.es\/index.php\/2026\/03\/08\/un-nouveau-lieu-de-culture-pour-valencia-le-cahh-ouvre-ses-portes-ce-week-end-2\/"},"modified":"2026-04-24T19:11:32","modified_gmt":"2026-04-24T19:11:32","slug":"un-nouveau-lieu-de-culture-pour-valencia-le-cahh-ouvre-ses-portes-ce-week-end-2","status":"publish","type":"post","link":"https:\/\/immo.lecourrier.es\/index.php\/2026\/03\/08\/un-nouveau-lieu-de-culture-pour-valencia-le-cahh-ouvre-ses-portes-ce-week-end-2\/","title":{"rendered":"Un nouveau lieu de culture pour Valencia :\u00a0le\u00a0CAHH\u00a0ouvre ses portes ce week-end !"},"content":{"rendered":"<p><span dir=\"auto\" style=\"vertical-align: inherit\"><span dir=\"auto\" style=\"vertical-align: inherit\"><\/p>\n<p>Le Centre d&#8217;art Hortensia Herrero&nbsp;(CAHH)&nbsp;constituera \u00e0 n\u2019en pas douter un p\u00f4le culturel de premier plan et renforcera l\u2019offre artistique, deja vari\u00e9e, de Valencia, faisant de la ville une r\u00e9ference en mati\u00e8re de mus\u00e9es et centre d\u2019art.<\/p>\n<p>Situ\u00e9 dans l&#8217;ancien palais&nbsp;Valeriola&nbsp;(calle del Mar, dans l\u2019hypercentre&nbsp;historique de&nbsp;Valencia), le si\u00e8ge du nouvel espace culturel, r\u00e9sume \u00e0 lui seul une partie de l&#8217;Histoire de la ville&nbsp;( les&nbsp;\u00e9poques romaine, wisigothique, islamique et chr\u00e9tienne)&nbsp;ce qui en fait une v\u00e9ritable machine \u00e0 remonter le temps.<\/p>\n<p>Le nouveau centre qui a fait l\u2019objet d\u2019importants travaux de&nbsp;r\u00e9habilitation&nbsp;rassemblera la collection priv\u00e9e de la m\u00e9c\u00e8ne Hortensia&nbsp;Herrero&nbsp;(\u00e9pouse du propri\u00e9taire de&nbsp;Mercadona&nbsp;Juan&nbsp;Roig)&nbsp;avec des \u0153uvres d&#8217;artistes tels qu&#8217;Andreas&nbsp;Gursky,&nbsp;Anselm&nbsp;Kiefer, Georg&nbsp;Baselitz,&nbsp;Anish&nbsp;Kapoor&nbsp;ou Mat&nbsp;Collishaw.&nbsp;Certains de ces artistes ont cr\u00e9\u00e9 des \u0153uvres sp\u00e9cifiques pour ce centre d\u2019art dont certaines ont \u00e9t\u00e9&nbsp;d\u00e9voil\u00e9es&nbsp;sur le site officiel&nbsp;<a href=\"https:\/\/www.cahh.es\/coleccion\/\">https:\/\/www.cahh<\/a><a href=\"https:\/\/www.cahh.es\/coleccion\/\">.<\/a><a href=\"https:\/\/www.cahh.es\/coleccion\/\">es\/coleccion\/<\/a><\/p>\n<p>Cinq ans apr\u00e8s le d\u00e9but des travaux, le Centre d&#8217;art&nbsp;Hortensia Herrero a donc achev\u00e9 son processus de r\u00e9novation et se pr\u00e9pare \u00e0 \u00eatre un nouveau mus\u00e9e pour la ville de Valence :&nbsp;l&#8217;objectif du projet de restauration \u00e9tait de valoriser l&#8217;histoire contenue dans le&nbsp;Palacio&nbsp;Valeriola, tout en adaptant le b\u00e2timent existant \u00e0 sa nouvelle&nbsp;fonction :&nbsp;celle d\u2019\u00eatre le nouveau centre d\u2019art contemporain de r\u00e9f\u00e9rence.<\/p>\n<p>Avec plus de 3 500 m2 de surface et quatre niveaux pour le&nbsp;public, le&nbsp;CAHH&nbsp;permet \u00e0 la&nbsp;troisi\u00e8me&nbsp;ville d\u2019Espagne&nbsp;de r\u00e9cup\u00e9rer un \u00e9l\u00e9ment important de son patrimoine&nbsp;architectural :&nbsp;dans cet \u00e9crin, les visiteurs appr\u00e9cieront la collection d&#8217;art priv\u00e9e d&#8217;Hortensia&nbsp;Herrero, mais aussi, les expositions temporaires d&#8217;artistes de prestige national et international.<\/p>\n<p>\u00c0 propos de la Fondation Hortensia&nbsp;Herrero<\/p>\n<p>La Fondation pr\u00e9sid\u00e9e par Hortensia&nbsp;Herrero&nbsp;est une organisation \u00e0 but&nbsp;non-lucratif&nbsp;dont la mission est de promouvoir des actions sociales et surtout culturelles en mettant l&#8217;art et la culture, au service des&nbsp;Valenciens.<\/p>\n<p>N\u00e9e en 1950, Hortensia\u00a0Herrero, vice-pr\u00e9sidente de\u00a0Mercadona, est la Valencienne la plus riche du monde avec un patrimoine estim\u00e9 \u00e0 plus de 2 milliards d\u2019euros.\u00a0Elle occupe la 15e place des Espagnoles les plus riches du monde du classement 2023 de la revue Forbes.<\/p>\n<p class=\"has-text-align-right\">Laurence Lemoine<\/p>\n<p class=\"has-text-align-right\"><a href=\"https:\/\/www.valencia-expat-services.com\/\">Valencia Expat services<\/a><br \/><a href=\"http:\/\/www.madrid-expat-services.com\/\">Madrid<\/a>&nbsp;<a href=\"https:\/\/barcelona-expat-services.es\/fr\/\">Barcelone<\/a>&nbsp;<a href=\"http:\/\/www.javea-denia-expat-services.com\/\">Javea-Denia<\/a><\/p>\n<p><\/span><\/span><\/p>\n","protected":false},"excerpt":{"rendered":"<p>Le Centre d&#8217;art Hortensia Herrero&nbsp;(CAHH)&nbsp;constituera \u00e0 n\u2019en pas douter un p\u00f4le culturel de premier plan et renforcera l\u2019offre artistique, deja vari\u00e9e, de Valencia, faisant de la ville une r\u00e9ference en mati\u00e8re de mus\u00e9es et centre d\u2019art. Situ\u00e9 dans l&#8217;ancien palais&nbsp;Valeriola&nbsp;(calle del Mar, dans l\u2019hypercentre&nbsp;historique de&nbsp;Valencia), le si\u00e8ge du nouvel espace culturel, r\u00e9sume \u00e0 lui seul [&hellip;]<\/p>\n","protected":false},"author":13,"featured_media":22181,"comment_status":"open","ping_status":"closed","sticky":false,"template":"","format":"standard","meta":{"om_disable_all_campaigns":false,"_monsterinsights_skip_tracking":false,"_monsterinsights_sitenote_active":false,"_monsterinsights_sitenote_note":"","_monsterinsights_sitenote_category":0,"_uf_show_specific_survey":0,"_uf_disable_surveys":false,"footnotes":""},"categories":[212],"tags":[],"class_list":["post-68424","post","type-post","status-publish","format-standard","has-post-thumbnail","hentry","category-breaking-news"],"acf":[],"_links":{"self":[{"href":"https:\/\/immo.lecourrier.es\/index.php\/wp-json\/wp\/v2\/posts\/68424","targetHints":{"allow":["GET"]}}],"collection":[{"href":"https:\/\/immo.lecourrier.es\/index.php\/wp-json\/wp\/v2\/posts"}],"about":[{"href":"https:\/\/immo.lecourrier.es\/index.php\/wp-json\/wp\/v2\/types\/post"}],"author":[{"embeddable":true,"href":"https:\/\/immo.lecourrier.es\/index.php\/wp-json\/wp\/v2\/users\/13"}],"replies":[{"embeddable":true,"href":"https:\/\/immo.lecourrier.es\/index.php\/wp-json\/wp\/v2\/comments?post=68424"}],"version-history":[{"count":0,"href":"https:\/\/immo.lecourrier.es\/index.php\/wp-json\/wp\/v2\/posts\/68424\/revisions"}],"wp:featuredmedia":[{"embeddable":true,"href":"https:\/\/immo.lecourrier.es\/index.php\/wp-json\/wp\/v2\/media\/22181"}],"wp:attachment":[{"href":"https:\/\/immo.lecourrier.es\/index.php\/wp-json\/wp\/v2\/media?parent=68424"}],"wp:term":[{"taxonomy":"category","embeddable":true,"href":"https:\/\/immo.lecourrier.es\/index.php\/wp-json\/wp\/v2\/categories?post=68424"},{"taxonomy":"post_tag","embeddable":true,"href":"https:\/\/immo.lecourrier.es\/index.php\/wp-json\/wp\/v2\/tags?post=68424"}],"curies":[{"name":"wp","href":"https:\/\/api.w.org\/{rel}","templated":true}]}}