{"id":68422,"date":"2026-03-08T11:52:01","date_gmt":"2026-03-08T11:52:01","guid":{"rendered":"https:\/\/immo.lecourrier.es\/index.php\/2026\/03\/08\/vueling-proposera-14-liaisons-au-depart-de-saint-jacques-de-compostelle-cet-hiver-2\/"},"modified":"2026-04-24T19:11:29","modified_gmt":"2026-04-24T19:11:29","slug":"vueling-proposera-14-liaisons-au-depart-de-saint-jacques-de-compostelle-cet-hiver-2","status":"publish","type":"post","link":"https:\/\/immo.lecourrier.es\/index.php\/2026\/03\/08\/vueling-proposera-14-liaisons-au-depart-de-saint-jacques-de-compostelle-cet-hiver-2\/","title":{"rendered":"Vueling proposera 14 liaisons au d\u00e9part de Saint-Jacques-de-Compostelle cet hiver"},"content":{"rendered":"<p><span dir=\"auto\" style=\"vertical-align: inherit\"><span dir=\"auto\" style=\"vertical-align: inherit\"><\/p>\n<p><em>Vueling, compagnie appartenant au groupe IAG, <strong>lancera une liaison vers Zurich depuis l&#8217;a\u00e9roport de Saint-Jacques-de-Compostelle<\/strong> pendant les <strong>p\u00e9riodes festives de d\u00e9cembre et janvier <\/strong>: entre le <strong>8 et le 11 d\u00e9cembre<\/strong>, et du <strong>22 d\u00e9cembre<\/strong> au <strong>5 janvier<\/strong>. Une liaison sp\u00e9ciale qui s&#8217;ajoute aux 13 itin\u00e9raires programm\u00e9s par la compagnie depuis la capitale de la Galice pour cet hiver.<\/em><\/p>\n<p>Quatre de ces liaisons sont internationales : <strong>Amsterdam<\/strong> (Pays-Bas), <strong>Paris<\/strong> (France), <strong>Londres<\/strong> (Royaume-Uni) et <strong>Zurich<\/strong> (Suisse). \u00c0 l&#8217;exception de cette derni\u00e8re, les autres destinations seront desservies tout au long de l&#8217;hiver.<\/p>\n<p>Sur le march\u00e9 int\u00e9rieur, <strong>la compagnie assurera des vols au d\u00e9part de la capitale galicienne vers dix destinations int\u00e9rieures<\/strong> : Alicante, Barcelone, Malaga, Bilbao, Fuerteventura, Las Palmas, Palma de Mallorca, S\u00e9ville, Tenerife et Lanzarote.<\/p>\n<p>En outre, Vueling <strong>augmente ses fr\u00e9quences <\/strong>par rapport \u00e0 la m\u00eame p\u00e9riode de l&#8217;ann\u00e9e derni\u00e8re pour<strong> 11 destinations <\/strong>: Londres, Paris, Amsterdam, Tenerife, S\u00e9ville, Palma de Majorque, Fuerteventura, Bilbao, Alicante, Barcelone et Malaga. &#8220;La compagnie a\u00e9rienne renforce ainsi la connectivit\u00e9 hivernale de Saint-Jacques-de-Compostelle et maintient un engagement fort en faveur de la d\u00e9saisonnalisation de son offre, avec des destinations attrayantes tout au long de l&#8217;ann\u00e9e&#8221;, a d\u00e9clar\u00e9 Vueling.<\/p>\n<p>Pendant la saison hivernale, Vueling exploitera un total de 213 routes \u00e0 travers son r\u00e9seau vers 89 destinations dans 27 pays.<\/p>\n<figure class=\"wp-block-image size-large\"><a href=\"https:\/\/www.opea.io\"><img decoding=\"async\" src=\"https:\/\/immo.lecourrier.es\/wp-content\/uploads\/2026\/03\/image-5-6-1024x105.jpg\"><\/a><\/figure>\n<p><\/span><\/span><\/p>\n","protected":false},"excerpt":{"rendered":"<p>Vueling, compagnie appartenant au groupe IAG, lancera une liaison vers Zurich depuis l&#8217;a\u00e9roport de Saint-Jacques-de-Compostelle pendant les p\u00e9riodes festives de d\u00e9cembre et janvier : entre le 8 et le 11 d\u00e9cembre, et du 22 d\u00e9cembre au 5 janvier. Une liaison sp\u00e9ciale qui s&#8217;ajoute aux 13 itin\u00e9raires programm\u00e9s par la compagnie depuis la capitale de la [&hellip;]<\/p>\n","protected":false},"author":13,"featured_media":22172,"comment_status":"open","ping_status":"closed","sticky":false,"template":"","format":"standard","meta":{"om_disable_all_campaigns":false,"_monsterinsights_skip_tracking":false,"_monsterinsights_sitenote_active":false,"_monsterinsights_sitenote_note":"","_monsterinsights_sitenote_category":0,"_uf_show_specific_survey":0,"_uf_disable_surveys":false,"footnotes":""},"categories":[212,234,4508],"tags":[],"class_list":["post-68422","post","type-post","status-publish","format-standard","has-post-thumbnail","hentry","category-breaking-news","category-logistique-retail","category-mag-blogs-communaute"],"acf":[],"_links":{"self":[{"href":"https:\/\/immo.lecourrier.es\/index.php\/wp-json\/wp\/v2\/posts\/68422","targetHints":{"allow":["GET"]}}],"collection":[{"href":"https:\/\/immo.lecourrier.es\/index.php\/wp-json\/wp\/v2\/posts"}],"about":[{"href":"https:\/\/immo.lecourrier.es\/index.php\/wp-json\/wp\/v2\/types\/post"}],"author":[{"embeddable":true,"href":"https:\/\/immo.lecourrier.es\/index.php\/wp-json\/wp\/v2\/users\/13"}],"replies":[{"embeddable":true,"href":"https:\/\/immo.lecourrier.es\/index.php\/wp-json\/wp\/v2\/comments?post=68422"}],"version-history":[{"count":0,"href":"https:\/\/immo.lecourrier.es\/index.php\/wp-json\/wp\/v2\/posts\/68422\/revisions"}],"wp:featuredmedia":[{"embeddable":true,"href":"https:\/\/immo.lecourrier.es\/index.php\/wp-json\/wp\/v2\/media\/22172"}],"wp:attachment":[{"href":"https:\/\/immo.lecourrier.es\/index.php\/wp-json\/wp\/v2\/media?parent=68422"}],"wp:term":[{"taxonomy":"category","embeddable":true,"href":"https:\/\/immo.lecourrier.es\/index.php\/wp-json\/wp\/v2\/categories?post=68422"},{"taxonomy":"post_tag","embeddable":true,"href":"https:\/\/immo.lecourrier.es\/index.php\/wp-json\/wp\/v2\/tags?post=68422"}],"curies":[{"name":"wp","href":"https:\/\/api.w.org\/{rel}","templated":true}]}}