{"id":68419,"date":"2026-03-08T11:51:45","date_gmt":"2026-03-08T11:51:45","guid":{"rendered":"https:\/\/immo.lecourrier.es\/index.php\/2026\/03\/08\/le-salon-international-global-mobility-call-renforce-son-role-dacteur-cle-de-la-mobilite-durable-2\/"},"modified":"2026-04-24T19:11:28","modified_gmt":"2026-04-24T19:11:28","slug":"le-salon-international-global-mobility-call-renforce-son-role-dacteur-cle-de-la-mobilite-durable-2","status":"publish","type":"post","link":"https:\/\/immo.lecourrier.es\/index.php\/2026\/03\/08\/le-salon-international-global-mobility-call-renforce-son-role-dacteur-cle-de-la-mobilite-durable-2\/","title":{"rendered":"Le Salon International Global Mobility Call renforce son r\u00f4le\u00a0d\u2019acteur cl\u00e9 de la mobilit\u00e9 durable"},"content":{"rendered":"<p><span dir=\"auto\" style=\"vertical-align: inherit\"><span dir=\"auto\" style=\"vertical-align: inherit\"><\/p>\n<p><em>Lors des 3 jours du Salon, les intervenants et les exposants ont soulign\u00e9 la\u00a0faisabilit\u00e9 d&#8217;un nouveau paradigme de mobilit\u00e9 verte, abordable et transversale.\u00a0<\/em><\/p>\n<p><strong>Paris, le 27 octobre 2023 &#8211; <\/strong>La 2<sup>\u00e8me <\/sup>\u00e9dition du Salon International <strong>Global Mobility Call <\/strong>a renforc\u00e9\u00a0 le r\u00f4le et sens de cet \u00e9v\u00e9nement en tant que seule plateforme multipartite avec une approche\u00a0 globale de la mobilit\u00e9 durable. Les intervenants, exposants et participants r\u00e9unis \u00e0 IFEMA\u00a0 MADRID lors des trois jours du salon ont soulign\u00e9 l&#8217;importance de <strong>promouvoir un nouveau\u00a0 paradigme de mobilit\u00e9 qui soit verte, abordable, transversale et d\u2019ores et d\u00e9j\u00e0 r\u00e9alisable<\/strong>.\u00a0L&#8217;\u00e9v\u00e9nement s\u2019est d\u00e9roul\u00e9 du 24 au 26 octobre et fut \u00e9galement riche en tables rondes et\u00a0 conf\u00e9rences sur les \u00e9co-villes, la transition \u00e9nerg\u00e9tique, la d\u00e9carbonisation des transports et le\u00a0r\u00f4le des nouvelles technologies, entre autres.\u00a0<\/p>\n<p>Le Global Mobility Call a accueilli <strong>plus de 10.000 professionnels <\/strong>du monde entier qui ont particip\u00e9\u00a0 \u00e0 un programme de congr\u00e8s comptant <strong>plus de 470 intervenants <\/strong>et une zone d&#8217;exposition de <strong>plus\u00a0 de 104 organisations, <\/strong>pr\u00e9sentant leur gamme compl\u00e8te de services, de solutions et de produits.\u00a0<\/p>\n<p>La <strong>ministre espagnole des transports, de la mobilit\u00e9 et de l&#8217;urbanisme, Raquel S\u00e1nchez<\/strong>, qui a\u00a0officiellement ouvert la 2<sup>\u00e8me <\/sup>\u00e9dition du Global Mobility Call, a soulign\u00e9 l&#8217;importance de ce rendez vous &#8220;pour apporter certitude et protection, et pour tenter de trouver des r\u00e9ponses et des\u00a0solutions aux questions soulev\u00e9es par les citoyens face aux nouvelles formes de mobilit\u00e9&#8221;.\u00a0<\/p>\n<h3 class=\"wp-block-heading\"><strong>Pr\u00e9sence des entreprises fran\u00e7aises\u00a0\u00a0<\/strong><\/h3>\n<p>Lors de cette \u00e9dition, la France a \u00e9t\u00e9 repr\u00e9sent\u00e9e au sein du salon par plusieurs entreprises.\u00a0Parmi celles-ci, <strong>Fifteen, <\/strong>entreprise sp\u00e9cialis\u00e9e dans la <strong>conception, la fabrication et le\u00a0d\u00e9ploiement de services publics de location de v\u00e9los <\/strong>avec 50.000 v\u00e9los d\u00e9ploy\u00e9s dans 10 pays, a organis\u00e9 une conf\u00e9rence au Forum Perspective pour pr\u00e9senter son Livre blanc. \u00c0 partir d\u2019une\u00a0enqu\u00eate citoyenne et l&#8217;avis d&#8217;un panel d&#8217;experts, l&#8217;\u00e9tude monographique <strong><em>Partage de v\u00e9los en\u00a0 Espagne : opportunit\u00e9s et d\u00e9fis pour une mobilit\u00e9 urbaine plus durable<\/em><\/strong>, Fifteen et Ipsos analysent\u00a0 la position des Espagnols sur l&#8217;usage du v\u00e9lo. L&#8217;\u00e9tude a b\u00e9n\u00e9fici\u00e9 de la participation d&#8217;\u00e9minents\u00a0 experts de la mobilit\u00e9 comme <strong>Bel\u00e9n Calahorro<\/strong>, coordinatrice de l&#8217;Espace Formation ConBici et\u00a0vice-pr\u00e9sidente de l&#8217;Aula de la Bici ; <strong>Ricard Casalins<\/strong>, coordinateur de l&#8217;Institut Mobilit\u00e9 RACC et\u00a0chef de projet dans l&#8217;Espace Mobilit\u00e9 RACC ; <strong>Mar\u00eda Paula Caycedo<\/strong>, directrice de l&#8217;Innovation Hub\u00a0 South \u00e0 l&#8217;EIT Urban Mobility ; <strong>Carmen Duce<\/strong>, coordinatrice de la campagne Villes Propres en\u00a0 Espagne et membre de l&#8217;Espace Transport des \u00c9cologistes en Action ; <strong>\u00c1lvaro Fern\u00e1ndez Heredia<\/strong>,\u00a0 conseiller municipal de Madrid et conseiller de l&#8217;EMT Madrid ; <strong>Jes\u00fas Freire<\/strong>, secr\u00e9taire g\u00e9n\u00e9ral de\u00a0 l&#8217;AMBE (Association des marques et v\u00e9los d&#8217;Espagne) ; <strong>Ruth Lamas<\/strong>, coordinatrice technique du\u00a0 R\u00e9seau des villes cyclables et responsable du Bureau m\u00e9tropolitain du v\u00e9lo de l&#8217;Aire\u00a0 M\u00e9tropolitaine de Barcelone (AMB) ; <strong>Luis Morales<\/strong>, co-fondateur et responsable des relations\u00a0 institutionnelles d&#8217;El Futuro de la Movilidad ; <strong>Patricia Rodr\u00edguez<\/strong>, responsable du d\u00e9partement Mobilit\u00e9 de TEMA Grupo Consultor ; <strong>Jaime Ruiz<\/strong>, co-fondateur de Cities Forum et directeur\u00a0 fondateur du salon Moviel\u00e9ctrica ; et <strong>C\u00e9sar Tello<\/strong>, directeur g\u00e9n\u00e9ral de l&#8217;Association espagnole de\u00a0 l&#8217;\u00e9conomie num\u00e9rique (Adigital).\u00a0<\/p>\n<p>La soci\u00e9t\u00e9 fran\u00e7aise <strong>Be Green <\/strong>et sa filiale espagnole <strong>Inoluz Solar <\/strong>ont pr\u00e9sent\u00e9 leurs 2 secteurs d\u2019activit\u00e9 pendant le salon, \u00e0 savoir <strong>le secteur solaire <\/strong>avec l\u2019installation de panneaux qui\u00a0aident l\u2019environnement, gr\u00e2ce \u00e0 l&#8217;utilisation des \u00e9nergies renouvelables, et <strong>le secteur de la\u00a0 mobilit\u00e9. Ils accompagnent les entreprises et les collectivit\u00e9s dans leur transformation autour\u00a0 de la mobilit\u00e9, mais \u00e9galement \u00e0 travers une phase d&#8217;audit et de conseils, <\/strong>en proposant des\u00a0 alternatives innovantes sur mesure pour rendre les d\u00e9placements quotidiens des entreprises et\u00a0 collectivit\u00e9s plus respectueux de l&#8217;environnement.\u00a0<\/p>\n<p>La start-up fran\u00e7aise <strong>Next\u00e9rit\u00e9 <\/strong>a pr\u00e9sent\u00e9 ses solutions de <strong>mobilit\u00e9 en temps r\u00e9el. <\/strong>Leurs&nbsp; d\u00e9veloppements sont pilot\u00e9s par l&#8217;IA en temps r\u00e9el<strong>, ils am\u00e9liorent la prise de d\u00e9cision dans les&nbsp; centres de contr\u00f4le du trafic, <\/strong>permettant une gestion plus efficace et plus s\u00fbre des villes ainsi&nbsp; que des routes. En parall\u00e8le, ils fusionnent des informations provenant de diff\u00e9rentes sources, en&nbsp; incluant la communaut\u00e9 des utilisateurs, pour aider \u00e0 la gestion du trafic routier et faciliter les&nbsp; informations en temps r\u00e9el aux passagers.&nbsp;&nbsp;<\/p>\n<p>La zone d&#8217;exposition du Global Mobility Call a \u00e9galement accueilli la <strong>nouvelle voiture des 24H du\u00a0 Mans<\/strong>, aliment\u00e9e \u00e0 <strong>l&#8217;hydrog\u00e8ne-\u00e9lectricit\u00e9, <\/strong>pr\u00e9sent\u00e9 par <strong>MissionH24 et l\u2019Automobile Club de\u00a0 l\u2019Ouest. <\/strong>Le Pr\u00e9sident de l\u2019Automobile Club de l\u2019Ouest, Pierre Fillon, a pris la parole le mercredi 25\u00a0 octobre autour d\u2019une table ronde pour pr\u00e9senter les engagements de l&#8217;Endurance en faveur d&#8217;une\u00a0 course automobile durable.<\/p>\n<p><em>Communiqu\u00e9<\/em> <\/p>\n<figure class=\"wp-block-gallery has-nested-images columns-default is-cropped wp-block-gallery-2 is-layout-flex wp-block-gallery-is-layout-flex\">\n<figure class=\"wp-block-image size-large\"><img decoding=\"async\" src=\"https:\/\/immo.lecourrier.es\/wp-content\/uploads\/2024\/04\/Be-Green-Inoluz-SOlar-1-768x1024.jpeg\"><\/figure>\n<figure class=\"wp-block-image size-large\"><img decoding=\"async\" src=\"https:\/\/immo.lecourrier.es\/wp-content\/uploads\/2026\/03\/GMC-017-scaled.jpg\"><\/figure>\n<figure class=\"wp-block-image size-large\"><img decoding=\"async\" src=\"https:\/\/immo.lecourrier.es\/wp-content\/uploads\/2026\/03\/GMC-FERIA-035-scaled.jpg\"><\/figure>\n<figure class=\"wp-block-image size-large\"><img decoding=\"async\" src=\"https:\/\/immo.lecourrier.es\/wp-content\/uploads\/2024\/04\/Nexterite-1024x768.jpeg\"><\/figure>\n<figure class=\"wp-block-image size-large\"><img decoding=\"async\" src=\"https:\/\/immo.lecourrier.es\/wp-content\/uploads\/2024\/04\/Fifteen-1-1024x768.jpeg\"><\/figure>\n<figure class=\"wp-block-image size-large\"><img decoding=\"async\" src=\"https:\/\/immo.lecourrier.es\/wp-content\/uploads\/2024\/04\/Capture-decran-2023-11-08-a-14.29.38-1024x483.png\"><\/figure>\n<figure class=\"wp-block-image size-large\"><img decoding=\"async\" src=\"https:\/\/immo.lecourrier.es\/wp-content\/uploads\/2024\/04\/Pierre-Fillon-2.jpeg\"><\/figure>\n<figure class=\"wp-block-image size-large\"><img decoding=\"async\" src=\"https:\/\/immo.lecourrier.es\/wp-content\/uploads\/2024\/04\/Pierre-Fillon.jpeg\"><\/figure>\n<figure class=\"wp-block-image size-large\"><img decoding=\"async\" src=\"https:\/\/immo.lecourrier.es\/wp-content\/uploads\/2024\/04\/Capture-decran-2023-11-08-a-14.30.04.png\"><\/figure>\n<\/figure>\n<p><\/span><\/span><\/p>\n","protected":false},"excerpt":{"rendered":"<p>Lors des 3 jours du Salon, les intervenants et les exposants ont soulign\u00e9 la\u00a0faisabilit\u00e9 d&#8217;un nouveau paradigme de mobilit\u00e9 verte, abordable et transversale.\u00a0 Paris, le 27 octobre 2023 &#8211; La 2\u00e8me \u00e9dition du Salon International Global Mobility Call a renforc\u00e9\u00a0 le r\u00f4le et sens de cet \u00e9v\u00e9nement en tant que seule plateforme multipartite avec une [&hellip;]<\/p>\n","protected":false},"author":13,"featured_media":22168,"comment_status":"open","ping_status":"closed","sticky":false,"template":"","format":"standard","meta":{"om_disable_all_campaigns":false,"_monsterinsights_skip_tracking":false,"_monsterinsights_sitenote_active":false,"_monsterinsights_sitenote_note":"","_monsterinsights_sitenote_category":0,"_uf_show_specific_survey":0,"_uf_disable_surveys":false,"footnotes":""},"categories":[212],"tags":[],"class_list":["post-68419","post","type-post","status-publish","format-standard","has-post-thumbnail","hentry","category-breaking-news"],"acf":[],"_links":{"self":[{"href":"https:\/\/immo.lecourrier.es\/index.php\/wp-json\/wp\/v2\/posts\/68419","targetHints":{"allow":["GET"]}}],"collection":[{"href":"https:\/\/immo.lecourrier.es\/index.php\/wp-json\/wp\/v2\/posts"}],"about":[{"href":"https:\/\/immo.lecourrier.es\/index.php\/wp-json\/wp\/v2\/types\/post"}],"author":[{"embeddable":true,"href":"https:\/\/immo.lecourrier.es\/index.php\/wp-json\/wp\/v2\/users\/13"}],"replies":[{"embeddable":true,"href":"https:\/\/immo.lecourrier.es\/index.php\/wp-json\/wp\/v2\/comments?post=68419"}],"version-history":[{"count":0,"href":"https:\/\/immo.lecourrier.es\/index.php\/wp-json\/wp\/v2\/posts\/68419\/revisions"}],"wp:featuredmedia":[{"embeddable":true,"href":"https:\/\/immo.lecourrier.es\/index.php\/wp-json\/wp\/v2\/media\/22168"}],"wp:attachment":[{"href":"https:\/\/immo.lecourrier.es\/index.php\/wp-json\/wp\/v2\/media?parent=68419"}],"wp:term":[{"taxonomy":"category","embeddable":true,"href":"https:\/\/immo.lecourrier.es\/index.php\/wp-json\/wp\/v2\/categories?post=68419"},{"taxonomy":"post_tag","embeddable":true,"href":"https:\/\/immo.lecourrier.es\/index.php\/wp-json\/wp\/v2\/tags?post=68419"}],"curies":[{"name":"wp","href":"https:\/\/api.w.org\/{rel}","templated":true}]}}