{"id":68418,"date":"2026-03-08T11:51:38","date_gmt":"2026-03-08T11:51:38","guid":{"rendered":"https:\/\/immo.lecourrier.es\/index.php\/2026\/03\/08\/villas-jumelees-et-bungalows-dans-un-emplacement-privilegie-sur-la-costa-de-mallorca-a-cala-ratajada-2\/"},"modified":"2026-04-24T19:11:25","modified_gmt":"2026-04-24T19:11:25","slug":"villas-jumelees-et-bungalows-dans-un-emplacement-privilegie-sur-la-costa-de-mallorca-a-cala-ratajada-2","status":"publish","type":"post","link":"https:\/\/immo.lecourrier.es\/index.php\/2026\/03\/08\/villas-jumelees-et-bungalows-dans-un-emplacement-privilegie-sur-la-costa-de-mallorca-a-cala-ratajada-2\/","title":{"rendered":"Villas jumel\u00e9es et bungalows dans un emplacement privil\u00e9gi\u00e9 sur la Costa de Mallorca \u00e0 Cala Ratajada"},"content":{"rendered":"<p><span dir=\"auto\" style=\"vertical-align: inherit\"><span dir=\"auto\" style=\"vertical-align: inherit\"><\/p>\n<p><em>Profitez du style de vie m\u00e9diterran\u00e9en dans des constructions neuves \u00e0 partir de&nbsp;\u20ac895.000<\/em><\/p>\n<p><a href=\"https:\/\/www.tmgrupoinmobiliario.com\/fr\/promotions-immobilieres\/U79-01_majorque-cala-ratjada-espagne-villa-bungalow-plage-luz-de-sa-cala-by-tm?utm_source=prensa&amp;utm_medium=cpc&amp;utm_campaign=le-courier\">Luz de Cala Ratjada by TM<\/a> est un projet r\u00e9sidentiel de luxe, situ\u00e9 dans la partie la plus orientale de l&#8217;\u00eele de Majorque, au sein de la municipalit\u00e9 de Cala Rajtada. Jouissant d\u2019un cadre unique, il est entour\u00e9 de belles criques aux eaux turquoise, \u00e0 seulement 600 m\u00e8tres du port maritime de Cala Ratjada. Le complexe r\u00e9sidentiel propose diff\u00e9rents types de logements, qui s&#8217;adaptent \u00e0 vos besoins : villas jumel\u00e9es de 3 chambres et 3 salles de bain, villas jumel\u00e9es avec sous-sol de 3 chambres et 4 salles de bain et bungalows de 2 chambres et 2 salles de bain. En outre, Luz de Cala Ratjada by TM proposera d&#8217;incroyables zones communes avec piscine, jacuzzis et espace de d\u00e9tente. Tous les logements comprennent une place de stationnement et la pr\u00e9-installation d&#8217;une borne de recharge pour les v\u00e9hicules \u00e9lectriques.<\/p>\n<p>Livraison :&nbsp;<strong>15 ao\u00fbt 2024<\/strong><\/p>\n<p>Une opportunit\u00e9 d&#8217;achat unique. Des r\u00e9sidences adapt\u00e9es \u00e0 vos besoins, ax\u00e9es sur le confort, le design moderne et des mat\u00e9riaux d\u2019excellente qualit\u00e9. <\/p>\n<h3 class=\"wp-block-heading\"><strong>Les alentours<\/strong><\/h3>\n<p><strong>Les plages<\/strong><\/p>\n<p>L&#8217;emplacement de Luz de Cala Ratjada est spectaculaire. Vous avez le choix entre 5 criques et plages \u00e0 moins de 2 km du complexe. \u00c0 500 m\u00e8tres de Luz de Cala Ratjada, vous trouverez Cala Lliteras et Cala Gat, deux magnifiques criques aux eaux cristallines o\u00f9 vous pourrez profiter \u00e0 la fois de la baignade et de la promenade pav\u00e9e qui les entoure. Cala Aguila, une plage de 600 m\u00e8tres de long avec un grand espace vert naturel, se trouve \u00e0 1 km du complexe r\u00e9sidentiel. La plage de Na Ferradura se situe \u00e0 1,3 km, celle de Son Moll \u00e0 1,5 km et celle de Ses Cavesses \u00e0 1,7 km.<\/p>\n<p><strong>Les services propos\u00e9s \u00e0 proximit\u00e9<\/strong><\/p>\n<p>Capdepra et Art\u00e0, deux villages \u00e0 fort attrait touristique dont les rues regorgent d&#8217;histoire, ne sont qu&#8217;\u00e0 quelques minutes en voiture.<\/p>\n<p><strong>Terrains de golf<\/strong><\/p>\n<p>\u00c0 seulement 10 km de Luz de Cala Ratjada se trouvent 2 magnifiques terrains de golf de 18 trous offrant des vues panoramiques impressionnantes : Capdepera Golf et Canyamel Golf.<\/p>\n<figure class=\"wp-block-gallery has-nested-images columns-default is-cropped wp-block-gallery-1 is-layout-flex wp-block-gallery-is-layout-flex\">\n<figure class=\"wp-block-image size-large\"><img decoding=\"async\" src=\"https:\/\/immo.lecourrier.es\/wp-content\/uploads\/2024\/04\/Luz-de-Cala-Ratjada-vista-villa-copia-min.jpg\"><\/figure>\n<figure class=\"wp-block-image size-large\"><img decoding=\"async\" src=\"https:\/\/immo.lecourrier.es\/wp-content\/uploads\/2024\/04\/Luz-de-Cala-Ratjada-villas-copia-min-1.jpg\"><\/figure>\n<figure class=\"wp-block-image size-large\"><img decoding=\"async\" src=\"https:\/\/immo.lecourrier.es\/wp-content\/uploads\/2024\/04\/Luz-de-Cala-Ratjada-terraza-copia-min.jpg\"><\/figure>\n<figure class=\"wp-block-image size-large\"><img decoding=\"async\" src=\"https:\/\/immo.lecourrier.es\/wp-content\/uploads\/2024\/04\/Luz-de-Cala-Ratjada-piscina-privada-copia-min.jpg\"><\/figure>\n<figure class=\"wp-block-image size-large\"><img decoding=\"async\" src=\"https:\/\/immo.lecourrier.es\/wp-content\/uploads\/2024\/04\/Luz-de-Cala-Ratjada-piscina-copia-min.jpg\"><\/figure>\n<\/figure>\n<p><\/span><\/span><\/p>\n","protected":false},"excerpt":{"rendered":"<p>Profitez du style de vie m\u00e9diterran\u00e9en dans des constructions neuves \u00e0 partir de&nbsp;\u20ac895.000 Luz de Cala Ratjada by TM est un projet r\u00e9sidentiel de luxe, situ\u00e9 dans la partie la plus orientale de l&#8217;\u00eele de Majorque, au sein de la municipalit\u00e9 de Cala Rajtada. Jouissant d\u2019un cadre unique, il est entour\u00e9 de belles criques aux [&hellip;]<\/p>\n","protected":false},"author":13,"featured_media":48635,"comment_status":"open","ping_status":"closed","sticky":false,"template":"","format":"standard","meta":{"om_disable_all_campaigns":false,"_monsterinsights_skip_tracking":false,"_monsterinsights_sitenote_active":false,"_monsterinsights_sitenote_note":"","_monsterinsights_sitenote_category":0,"_uf_show_specific_survey":0,"_uf_disable_surveys":false,"footnotes":""},"categories":[212],"tags":[],"class_list":["post-68418","post","type-post","status-publish","format-standard","has-post-thumbnail","hentry","category-breaking-news"],"acf":[],"_links":{"self":[{"href":"https:\/\/immo.lecourrier.es\/index.php\/wp-json\/wp\/v2\/posts\/68418","targetHints":{"allow":["GET"]}}],"collection":[{"href":"https:\/\/immo.lecourrier.es\/index.php\/wp-json\/wp\/v2\/posts"}],"about":[{"href":"https:\/\/immo.lecourrier.es\/index.php\/wp-json\/wp\/v2\/types\/post"}],"author":[{"embeddable":true,"href":"https:\/\/immo.lecourrier.es\/index.php\/wp-json\/wp\/v2\/users\/13"}],"replies":[{"embeddable":true,"href":"https:\/\/immo.lecourrier.es\/index.php\/wp-json\/wp\/v2\/comments?post=68418"}],"version-history":[{"count":0,"href":"https:\/\/immo.lecourrier.es\/index.php\/wp-json\/wp\/v2\/posts\/68418\/revisions"}],"wp:featuredmedia":[{"embeddable":true,"href":"https:\/\/immo.lecourrier.es\/index.php\/wp-json\/wp\/v2\/media\/48635"}],"wp:attachment":[{"href":"https:\/\/immo.lecourrier.es\/index.php\/wp-json\/wp\/v2\/media?parent=68418"}],"wp:term":[{"taxonomy":"category","embeddable":true,"href":"https:\/\/immo.lecourrier.es\/index.php\/wp-json\/wp\/v2\/categories?post=68418"},{"taxonomy":"post_tag","embeddable":true,"href":"https:\/\/immo.lecourrier.es\/index.php\/wp-json\/wp\/v2\/tags?post=68418"}],"curies":[{"name":"wp","href":"https:\/\/api.w.org\/{rel}","templated":true}]}}