{"id":68399,"date":"2026-03-08T11:36:38","date_gmt":"2026-03-08T11:36:38","guid":{"rendered":"https:\/\/immo.lecourrier.es\/index.php\/2026\/03\/08\/prestige-expo-et-bzh-donnent-du-gaz-a-tyrian-une-residence-de-marque-situee-en-face-de-la-promenade-maritime-destepona-2\/"},"modified":"2026-04-24T19:00:37","modified_gmt":"2026-04-24T19:00:37","slug":"prestige-expo-et-bzh-donnent-du-gaz-a-tyrian-une-residence-de-marque-situee-en-face-de-la-promenade-maritime-destepona-2","status":"publish","type":"post","link":"https:\/\/immo.lecourrier.es\/index.php\/2026\/03\/08\/prestige-expo-et-bzh-donnent-du-gaz-a-tyrian-une-residence-de-marque-situee-en-face-de-la-promenade-maritime-destepona-2\/","title":{"rendered":"Prestige-Expo et BZH donnent du gaz \u00e0 Tyrian, une &#8220;r\u00e9sidence de marque&#8221; situ\u00e9e en face de la promenade maritime d&#8217;Estepona"},"content":{"rendered":"<p><span dir=\"auto\" style=\"vertical-align: inherit\"><span dir=\"auto\" style=\"vertical-align: inherit\"><\/p>\n<p><em>Le projet sera situ\u00e9 \u00e0 l&#8217;entr\u00e9e de la municipalit\u00e9 de Costa del Sol, sur le front de mer, et consistera en un b\u00e2timent de 4 \u00e9tages avec 40 villas de grande hauteur. Le groupe Besaya exploitera l&#8217;actif, avec des services h\u00f4teliers 5 \u00e9toiles.<\/em><\/p>\n<p>Nouveau d\u00e9veloppement de luxe \u00e0 Estepona. Les promoteurs locaux Prestige-Expo et BHZ vont construire un projet de r\u00e9sidences de marque \u00e0 Estepona (M\u00e1laga), qui sera situ\u00e9 \u00e0 l&#8217;entr\u00e9e de la municipalit\u00e9 en provenance de Marbella, en bord de mer, et comprendra <strong>un b\u00e2timent de quatre \u00e9tages comprenant 40 villas de grande hauteur qui seront exploit\u00e9es par le groupe Besaya de Marbella<\/strong>, comme l&#8217;ont expliqu\u00e9 les deux soci\u00e9t\u00e9s \u00e0 EjePrime.<\/p>\n<p>Baptis\u00e9 Tyrian, le projet est con\u00e7u par le cabinet d&#8217;architectes Yodezeen, en collaboration avec Arata Arquitectura. <strong>Prestige Expo et BHZ pr\u00e9voient de commencer la construction du complexe au premier trimestre 2024<\/strong>. &#8220;Tyrian pr\u00e9sentera une construction dynamique, flottante et aux lignes \u00e9pur\u00e9es qui d\u00e9fiera les normes conventionnelles sur la Costa del Sol en tant que projet conceptualis\u00e9 selon les normes de l&#8217;International WELL Building Institute&#8221;, d\u00e9clare Yuri Savinov, partenaire de Prestige-Expo.<\/p>\n<p>Comme le soulignent les promoteurs, Tyrian offrira des <strong>services et des \u00e9quipements \u00e9quivalents \u00e0 ceux d&#8217;un h\u00f4tel 5 \u00e9toiles<\/strong>. Les r\u00e9sidents b\u00e9n\u00e9ficieront d&#8217;un service de s\u00e9curit\u00e9 24 heures sur 24, 365 jours par an, d&#8217;un service d&#8217;agence de voyages et d&#8217;\u00e9v\u00e9nements, d&#8217;un service de voiturier, de chambres avec chauffeur et d&#8217;un centre d&#8217;appel multilingue.<\/p>\n<h3 class=\"wp-block-heading\"><strong>Prestige Expo et BHZ pr\u00e9voient de commencer la construction du complexe au premier trimestre 2024<\/strong><\/h3>\n<p>Ces services et commodit\u00e9s comprennent, entre autres, un jardin tropical au niveau de la r\u00e9ception de plus de 3 000 m\u00e8tres carr\u00e9s, avec des espaces de lecture et de socialisation, un club gourmet comprenant une cuisine avec service de chef priv\u00e9, un bar \u00e0 vin et une salle \u00e0 manger ouverte sur l&#8217;ext\u00e9rieur, un spa\/hamman avec acc\u00e8s direct au jardin, un espace de relaxation, un bar \u00e0 d\u00e9sintoxication, des piscines int\u00e9rieures, une piscine \u00e0 d\u00e9bordement, des jacuzzis, une salle de massage, un espace pour les \u00e9v\u00e9nements ou le cin\u00e9ma. En outre, pour certaines unit\u00e9s, <strong>des garages ferm\u00e9s exclusifs ont \u00e9t\u00e9 con\u00e7us avec une capacit\u00e9 de 4 \u00e0 8 v\u00e9hicules, reli\u00e9s aux maisons par des ascenseurs priv\u00e9s<\/strong>.<\/p>\n<p>Vitaliy Rushchynskyy, PDG de Prestige-Expo, souligne que &#8220;notre engagement est tr\u00e8s ambitieux afin d&#8217;atteindre le niveau d&#8217;un complexe international avec lequel nous esp\u00e9rons positionner Estepona comme l&#8217;un des march\u00e9s les plus int\u00e9ressants pour ce type de d\u00e9veloppement r\u00e9sidentiel de luxe&#8221;.<\/p>\n<p>Pour sa part, Jesus Poley, PDG de BZH, affirme que &#8220;le projet a d\u00e9j\u00e0 \u00e9t\u00e9 autoris\u00e9 et nous commencerons bient\u00f4t les travaux avec la construction de la nouvelle promenade pi\u00e9tonne sur l&#8217;Avenida Litoral, \u00e0 c\u00f4t\u00e9 de la promenade maritime de la ville ; notre d\u00e9veloppement sera un autre attrait pour le march\u00e9 haut de gamme d&#8217;Estepona, qui est en plein essor et qui a un \u00e9norme potentiel&#8221;.<\/p>\n<p><strong>Un march\u00e9 en pleine expansion avec un accent sur la Costa del Sol<\/strong><\/p>\n<p>Un r\u00e9cent rapport de Colliers note que les r\u00e9sidences de marque prennent leur vitesse de croisi\u00e8re en Espagne, de sorte que le march\u00e9 conna\u00eetra une croissance exponentielle au cours des quatre prochaines ann\u00e9es, <strong>d\u00e9passant les 1.200 unit\u00e9s, la Costa del Sol \u00e9tant la destination privil\u00e9gi\u00e9e des investisseurs<\/strong>.<\/p>\n<p>Colliers rappelle que le premier projet de ce type en Espagne, Las Terrazas de Abama Suites, a ouvert en 2017 \u00e0 Tenerife. Ce type de d\u00e9veloppement immobilier implique <strong>une collaboration continue entre le promoteur et l&#8217;op\u00e9rateur h\u00f4telier ou la marque<\/strong> (dans le cas des propri\u00e9t\u00e9s non h\u00f4teli\u00e8res), ce qui est de plus en plus r\u00e9pandu en raison de l&#8217;essor continu de la demande et de la popularit\u00e9 croissante de ce produit.<\/p>\n<p>On s&#8217;attend \u00e0 ce que de plus en plus de groupes h\u00f4teliers et non h\u00f4teliers rejoignent le march\u00e9 des r\u00e9sidences de marque. En Espagne, cette diversification est \u00e9galement une r\u00e9alit\u00e9 et, outre les acteurs h\u00f4teliers de premier plan tels que <strong>Four Seasons, Mandarin Oriental, Marriott et Accor<\/strong>, certains des projets les plus pertinents sont men\u00e9s par des marques li\u00e9es au monde de la mode et de l&#8217;automobile, telles que <strong>Fendi, Missoni, Dolce&amp;Gabbana, Karl Lagerfeld et Lamborghini<\/strong>. Ces marques se sont associ\u00e9es \u00e0 des promoteurs nationaux ou internationaux pour d\u00e9velopper leurs produits exclusifs.<\/p>\n<p>Selon Colliers, l&#8217;avenir des r\u00e9sidences de marque en Espagne est prometteur, avec cinq projets achev\u00e9s entre 2017 et le troisi\u00e8me trimestre 2023, et un pipeline de douze projets pr\u00e9vus pour les quatre prochaines ann\u00e9es. Actuellement, <strong>les \u00eeles Canaries, Madrid et Barcelone concentrent l&#8217;offre avec 278 unit\u00e9s op\u00e9rationnelles<\/strong> ; cependant, la Costa del Sol se positionne comme l&#8217;emplacement privil\u00e9gi\u00e9 pour les prochains projets en construction ou en d\u00e9veloppement et pourrait atteindre 900 logements de ce type d&#8217;ici 2027. Ainsi, la province de Malaga, avec Marbella comme p\u00f4le d&#8217;attraction, <strong>repr\u00e9sente 93% de l&#8217;offre future de ce march\u00e9<\/strong>.<\/p>\n<p><\/span><\/span><\/p>\n","protected":false},"excerpt":{"rendered":"<p>Le projet sera situ\u00e9 \u00e0 l&#8217;entr\u00e9e de la municipalit\u00e9 de Costa del Sol, sur le front de mer, et consistera en un b\u00e2timent de 4 \u00e9tages avec 40 villas de grande hauteur. Le groupe Besaya exploitera l&#8217;actif, avec des services h\u00f4teliers 5 \u00e9toiles. Nouveau d\u00e9veloppement de luxe \u00e0 Estepona. Les promoteurs locaux Prestige-Expo et BHZ [&hellip;]<\/p>\n","protected":false},"author":13,"featured_media":22088,"comment_status":"open","ping_status":"closed","sticky":false,"template":"","format":"standard","meta":{"om_disable_all_campaigns":false,"_monsterinsights_skip_tracking":false,"_monsterinsights_sitenote_active":false,"_monsterinsights_sitenote_note":"","_monsterinsights_sitenote_category":0,"_uf_show_specific_survey":0,"_uf_disable_surveys":false,"footnotes":""},"categories":[212,4508],"tags":[],"class_list":["post-68399","post","type-post","status-publish","format-standard","has-post-thumbnail","hentry","category-breaking-news","category-mag-blogs-communaute"],"acf":[],"_links":{"self":[{"href":"https:\/\/immo.lecourrier.es\/index.php\/wp-json\/wp\/v2\/posts\/68399","targetHints":{"allow":["GET"]}}],"collection":[{"href":"https:\/\/immo.lecourrier.es\/index.php\/wp-json\/wp\/v2\/posts"}],"about":[{"href":"https:\/\/immo.lecourrier.es\/index.php\/wp-json\/wp\/v2\/types\/post"}],"author":[{"embeddable":true,"href":"https:\/\/immo.lecourrier.es\/index.php\/wp-json\/wp\/v2\/users\/13"}],"replies":[{"embeddable":true,"href":"https:\/\/immo.lecourrier.es\/index.php\/wp-json\/wp\/v2\/comments?post=68399"}],"version-history":[{"count":0,"href":"https:\/\/immo.lecourrier.es\/index.php\/wp-json\/wp\/v2\/posts\/68399\/revisions"}],"wp:featuredmedia":[{"embeddable":true,"href":"https:\/\/immo.lecourrier.es\/index.php\/wp-json\/wp\/v2\/media\/22088"}],"wp:attachment":[{"href":"https:\/\/immo.lecourrier.es\/index.php\/wp-json\/wp\/v2\/media?parent=68399"}],"wp:term":[{"taxonomy":"category","embeddable":true,"href":"https:\/\/immo.lecourrier.es\/index.php\/wp-json\/wp\/v2\/categories?post=68399"},{"taxonomy":"post_tag","embeddable":true,"href":"https:\/\/immo.lecourrier.es\/index.php\/wp-json\/wp\/v2\/tags?post=68399"}],"curies":[{"name":"wp","href":"https:\/\/api.w.org\/{rel}","templated":true}]}}