{"id":68398,"date":"2026-03-08T11:36:12","date_gmt":"2026-03-08T11:36:12","guid":{"rendered":"https:\/\/immo.lecourrier.es\/index.php\/2026\/03\/08\/kronos-homes-investit-31-millions-deuros-dans-la-construction-de-108-logements-a-la-cala-de-mijas-2\/"},"modified":"2026-04-24T18:55:40","modified_gmt":"2026-04-24T18:55:40","slug":"kronos-homes-investit-31-millions-deuros-dans-la-construction-de-108-logements-a-la-cala-de-mijas-2","status":"publish","type":"post","link":"https:\/\/immo.lecourrier.es\/index.php\/2026\/03\/08\/kronos-homes-investit-31-millions-deuros-dans-la-construction-de-108-logements-a-la-cala-de-mijas-2\/","title":{"rendered":"Kronos Homes investit 31 millions d&#8217;euros dans la construction de 108 logements \u00e0 La Cala de Mijas"},"content":{"rendered":"<p><span dir=\"auto\" style=\"vertical-align: inherit\"><span dir=\"auto\" style=\"vertical-align: inherit\"><\/p>\n<p><em>Le nouveau projet de Kronos Homes, appel\u00e9 Bah\u00eda, dispose d&#8217;une piscine, de jardins, d&#8217;un espace de coworking et d&#8217;un gymnase.<\/em><\/p>\n<p>Le promoteur<strong> Kronos Homes <\/strong>a commenc\u00e9 les travaux des 108 logements de son projet <strong>Bah\u00eda<\/strong>, situ\u00e9 \u00e0 <strong>La Cala de Mijas<\/strong>, dans la province de <strong>Malaga<\/strong>. Ce projet r\u00e9sidentiel, qui devrait \u00eatre achev\u00e9 fin 2026, n\u00e9cessitera un investissement de 31 millions d&#8217;euros.<\/p>\n<p>Pour la conception du complexe, <strong>Kronos Homes<\/strong>, une marque du groupe <strong>Kronos Real Estate<\/strong>, a travaill\u00e9 avec le studio d&#8217;architecture andalou <strong>Orfila11<\/strong>. Le complexe dispose d&#8217;une piscine, de jardins, d&#8217;un espace de coworking et d&#8217;un gymnase.<\/p>\n<p><strong>Rui Meneses<\/strong>, PDG de <strong>Kronos Homes<\/strong>, a d\u00e9clar\u00e9 que &#8220;la <strong>Costa del Sol<\/strong> est une r\u00e9gion cl\u00e9 pour nous et \u00e0 <strong>La Cala de Mijas<\/strong>, avec <strong>Bahia<\/strong>, nous avons maintenant achev\u00e9 3 projets&#8221;. &#8220;Nous sommes bien conscients du potentiel de cette r\u00e9gion m\u00e9diterran\u00e9enne et nous continuons \u00e0 augmenter notre offre diff\u00e9rentielle&#8221;, a-t-il ajout\u00e9.<\/p>\n<h3 class=\"wp-block-heading\"><strong>Prix des logements neufs \u00e0 Mijas<\/strong><\/h3>\n<p>Actuellement, le prix des logements neufs \u00e0 <strong>Mijas<\/strong>, commune \u00e0 laquelle appartient <strong>La Cala de Mijas<\/strong>, est de 3.129\u20ac par m2, soit 32,8% de plus qu&#8217;il y a 12 mois et 10,1% de plus qu&#8217;il y a 3 mois, selon les donn\u00e9es de la plateforme de big data immobili\u00e8re Brains Real Estate.<\/p>\n<p>Concr\u00e8tement, l&#8217;achat d&#8217;un logement neuf \u00e0 <strong>Mijas<\/strong> co\u00fbte en moyenne 438.383\u20ac, les propri\u00e9t\u00e9s en vente ayant une superficie d&#8217;environ 140 m2.<\/p>\n<figure class=\"wp-block-image size-full\"><img decoding=\"async\" src=\"https:\/\/immo.lecourrier.es\/wp-content\/uploads\/2024\/04\/Capture-decran-2023-11-17-a-14.51.45.png\"><\/figure>\n<p>En revanche, le d\u00e9lai de publication, c&#8217;est-\u00e0-dire la p\u00e9riode pendant laquelle une maison neuve reste sur le march\u00e9 entre le moment o\u00f9 elle est mise en vente et celui o\u00f9 elle est vendue, est de 7,3 mois, soit 7,4% de plus qu&#8217;il y a un an, mais un niveau similaire \u00e0 celui du trimestre pr\u00e9c\u00e9dent.<\/p>\n<p><\/span><\/span><\/p>\n","protected":false},"excerpt":{"rendered":"<p>Le nouveau projet de Kronos Homes, appel\u00e9 Bah\u00eda, dispose d&#8217;une piscine, de jardins, d&#8217;un espace de coworking et d&#8217;un gymnase. Le promoteur Kronos Homes a commenc\u00e9 les travaux des 108 logements de son projet Bah\u00eda, situ\u00e9 \u00e0 La Cala de Mijas, dans la province de Malaga. Ce projet r\u00e9sidentiel, qui devrait \u00eatre achev\u00e9 fin 2026, [&hellip;]<\/p>\n","protected":false},"author":13,"featured_media":22085,"comment_status":"open","ping_status":"closed","sticky":false,"template":"","format":"standard","meta":{"om_disable_all_campaigns":false,"_monsterinsights_skip_tracking":false,"_monsterinsights_sitenote_active":false,"_monsterinsights_sitenote_note":"","_monsterinsights_sitenote_category":0,"_uf_show_specific_survey":0,"_uf_disable_surveys":false,"footnotes":""},"categories":[212],"tags":[],"class_list":["post-68398","post","type-post","status-publish","format-standard","has-post-thumbnail","hentry","category-breaking-news"],"acf":[],"_links":{"self":[{"href":"https:\/\/immo.lecourrier.es\/index.php\/wp-json\/wp\/v2\/posts\/68398","targetHints":{"allow":["GET"]}}],"collection":[{"href":"https:\/\/immo.lecourrier.es\/index.php\/wp-json\/wp\/v2\/posts"}],"about":[{"href":"https:\/\/immo.lecourrier.es\/index.php\/wp-json\/wp\/v2\/types\/post"}],"author":[{"embeddable":true,"href":"https:\/\/immo.lecourrier.es\/index.php\/wp-json\/wp\/v2\/users\/13"}],"replies":[{"embeddable":true,"href":"https:\/\/immo.lecourrier.es\/index.php\/wp-json\/wp\/v2\/comments?post=68398"}],"version-history":[{"count":0,"href":"https:\/\/immo.lecourrier.es\/index.php\/wp-json\/wp\/v2\/posts\/68398\/revisions"}],"wp:featuredmedia":[{"embeddable":true,"href":"https:\/\/immo.lecourrier.es\/index.php\/wp-json\/wp\/v2\/media\/22085"}],"wp:attachment":[{"href":"https:\/\/immo.lecourrier.es\/index.php\/wp-json\/wp\/v2\/media?parent=68398"}],"wp:term":[{"taxonomy":"category","embeddable":true,"href":"https:\/\/immo.lecourrier.es\/index.php\/wp-json\/wp\/v2\/categories?post=68398"},{"taxonomy":"post_tag","embeddable":true,"href":"https:\/\/immo.lecourrier.es\/index.php\/wp-json\/wp\/v2\/tags?post=68398"}],"curies":[{"name":"wp","href":"https:\/\/api.w.org\/{rel}","templated":true}]}}