{"id":68395,"date":"2026-03-08T11:35:50","date_gmt":"2026-03-08T11:35:50","guid":{"rendered":"https:\/\/immo.lecourrier.es\/index.php\/2026\/03\/08\/lundi-27-novembre-debat-meres-de-familles-en-situation-de-vulnerabilite-2\/"},"modified":"2026-04-24T18:55:37","modified_gmt":"2026-04-24T18:55:37","slug":"lundi-27-novembre-debat-meres-de-familles-en-situation-de-vulnerabilite-2","status":"publish","type":"post","link":"https:\/\/immo.lecourrier.es\/index.php\/2026\/03\/08\/lundi-27-novembre-debat-meres-de-familles-en-situation-de-vulnerabilite-2\/","title":{"rendered":"Lundi 27 novembre: D\u00e9bat M\u00e8res de familles en situation de vuln\u00e9rabilit\u00e9"},"content":{"rendered":"<p><span dir=\"auto\" style=\"vertical-align: inherit\"><span dir=\"auto\" style=\"vertical-align: inherit\"><\/p>\n<p><em>En 2023, l\u2019Entraide a inscrit au c\u0153ur de son action, un projet d\u2019aide aux femmes fran\u00e7aises en situation de vuln\u00e9rabilit\u00e9, avec l\u2019appui de l\u2019\u00e9tat fran\u00e7ais au travers du fonds de soutien STAFE.<\/em><\/p>\n<p>Ce projet s\u2019inscrit dans la continuit\u00e9 de l\u2019action sociale de l\u2019association qui apporte, chaque ann\u00e9e, son aide \u00e0 des femmes dont les situations de vuln\u00e9rabilit\u00e9 sont multiples : femmes charg\u00e9es de familles monoparentales, femmes \u00e2g\u00e9es ou seules ayant de tr\u00e8s faibles ressources, jeunes femmes issues de milieux difficiles en risque d\u2019exclusion, femmes subissant des violences physiques ou psychologiques\u2026<\/p>\n<p>Les m\u00e8res de famille monoparentale repr\u00e9sentent le plus grand nombre de situations et re\u00e7oivent le montant d\u2019aide le plus important. \u00a0Au cours des neufs premiers mois de l\u2019ann\u00e9e 2023, l\u2019Entraide a aid\u00e9 24 femmes, m\u00e8res de familles monoparentales repr\u00e9sentant 48 personnes avec leurs enfants.<\/p>\n<p>Dans le cadre de la d\u00e9marche de sensibilisation entreprise par l\u2019Entraide tout au long de l\u2019ann\u00e9e 2023 sur ce th\u00e8me, le projet d\u2019une conf\u00e9rence-d\u00e9bat a pu voir le jour.<\/p>\n<p>Quatre personnalit\u00e9s ont accept\u00e9 de participer \u00e0 notre table ronde. Elles sont impliqu\u00e9es dans l\u2019accompagnement des femmes par leurs responsabilit\u00e9s dans les institutions de Madrid ou \u00e0 la t\u00eate de fondations et d\u2019associations :<\/p>\n<ul class=\"wp-block-list\">\n<li><a href=\"https:\/\/es.wikipedia.org\/wiki\/Yolanda_Besteiro\" target=\"_blank\" rel=\"noreferrer noopener\"><strong>Yolanda Besteiro de la Fuente<\/strong><\/a>, Pr\u00e9sidente de la F\u00e9d\u00e9ration des femmes progressistes.<\/li>\n<li><a href=\"https:\/\/lentraide.us4.list-manage.com\/track\/click?u=f0a8a4fedf41f03f3d09a6476&amp;id=8580a08534&amp;e=d31fd1652b\" target=\"_blank\" rel=\"noreferrer noopener\"><strong>Carmen Flores Rodr\u00edguez<\/strong><\/a>, Vice-pr\u00e9sidente du Conseil des femmes de la municipalit\u00e9 de Madrid et pr\u00e9sidente de la F\u00e9d\u00e9ration des associations de m\u00e8res c\u00e9libataires.<\/li>\n<li><a href=\"https:\/\/lentraide.us4.list-manage.com\/track\/click?u=f0a8a4fedf41f03f3d09a6476&amp;id=0c61a5351a&amp;e=d31fd1652b\" target=\"_blank\" rel=\"noreferrer noopener\"><strong>Marisa Sotelo<\/strong><\/a>, Directrice de la Fondation des femmes.<\/li>\n<li><a href=\"https:\/\/lentraide.us4.list-manage.com\/track\/click?u=f0a8a4fedf41f03f3d09a6476&amp;id=d0b60b9f0a&amp;e=d31fd1652b\" target=\"_blank\" rel=\"noreferrer noopener\"><strong>Silvia Valma\u00f1a Ocha\u00edta<\/strong><\/a>, Directrice g\u00e9n\u00e9rale de la promotion de l&#8217;enfance, de la famille et de la naissance de la Communaut\u00e9 de Madrid.<\/li>\n<\/ul>\n<p>La conf\u00e9rence d\u00e9bat sera anim\u00e9e, en espagnol, par <a href=\"https:\/\/lentraide.us4.list-manage.com\/track\/click?u=f0a8a4fedf41f03f3d09a6476&amp;id=d339026fa0&amp;e=d31fd1652b\" target=\"_blank\" rel=\"noreferrer noopener\"><strong>Maria Jos\u00e9 Garrido Anton<\/strong><\/a>, Cheffe d&#8217;\u00e9tudes au Secr\u00e9tariat d&#8217;Etat \u00e0 la s\u00e9curit\u00e9.<\/p>\n<p>Participation gratuite mais\u00a0<a href=\"https:\/\/lentraide.es\/inscription-conference-debat\/\"><strong>inscription<\/strong><\/a> obligatoire\u00a0au pr\u00e9alable sur le site de l\u2019Entraide. <\/p>\n<p><\/span><\/span><\/p>\n","protected":false},"excerpt":{"rendered":"<p>En 2023, l\u2019Entraide a inscrit au c\u0153ur de son action, un projet d\u2019aide aux femmes fran\u00e7aises en situation de vuln\u00e9rabilit\u00e9, avec l\u2019appui de l\u2019\u00e9tat fran\u00e7ais au travers du fonds de soutien STAFE. Ce projet s\u2019inscrit dans la continuit\u00e9 de l\u2019action sociale de l\u2019association qui apporte, chaque ann\u00e9e, son aide \u00e0 des femmes dont les situations [&hellip;]<\/p>\n","protected":false},"author":13,"featured_media":22074,"comment_status":"open","ping_status":"closed","sticky":false,"template":"","format":"standard","meta":{"om_disable_all_campaigns":false,"_monsterinsights_skip_tracking":false,"_monsterinsights_sitenote_active":false,"_monsterinsights_sitenote_note":"","_monsterinsights_sitenote_category":0,"_uf_show_specific_survey":0,"_uf_disable_surveys":false,"footnotes":""},"categories":[4508],"tags":[],"class_list":["post-68395","post","type-post","status-publish","format-standard","has-post-thumbnail","hentry","category-mag-blogs-communaute"],"acf":[],"_links":{"self":[{"href":"https:\/\/immo.lecourrier.es\/index.php\/wp-json\/wp\/v2\/posts\/68395","targetHints":{"allow":["GET"]}}],"collection":[{"href":"https:\/\/immo.lecourrier.es\/index.php\/wp-json\/wp\/v2\/posts"}],"about":[{"href":"https:\/\/immo.lecourrier.es\/index.php\/wp-json\/wp\/v2\/types\/post"}],"author":[{"embeddable":true,"href":"https:\/\/immo.lecourrier.es\/index.php\/wp-json\/wp\/v2\/users\/13"}],"replies":[{"embeddable":true,"href":"https:\/\/immo.lecourrier.es\/index.php\/wp-json\/wp\/v2\/comments?post=68395"}],"version-history":[{"count":0,"href":"https:\/\/immo.lecourrier.es\/index.php\/wp-json\/wp\/v2\/posts\/68395\/revisions"}],"wp:featuredmedia":[{"embeddable":true,"href":"https:\/\/immo.lecourrier.es\/index.php\/wp-json\/wp\/v2\/media\/22074"}],"wp:attachment":[{"href":"https:\/\/immo.lecourrier.es\/index.php\/wp-json\/wp\/v2\/media?parent=68395"}],"wp:term":[{"taxonomy":"category","embeddable":true,"href":"https:\/\/immo.lecourrier.es\/index.php\/wp-json\/wp\/v2\/categories?post=68395"},{"taxonomy":"post_tag","embeddable":true,"href":"https:\/\/immo.lecourrier.es\/index.php\/wp-json\/wp\/v2\/tags?post=68395"}],"curies":[{"name":"wp","href":"https:\/\/api.w.org\/{rel}","templated":true}]}}