{"id":68394,"date":"2026-03-08T11:35:42","date_gmt":"2026-03-08T11:35:42","guid":{"rendered":"https:\/\/immo.lecourrier.es\/index.php\/2026\/03\/08\/madrid-depasse-barcelone-parmi-les-destinations-les-plus-prisees-pour-le-retail-2\/"},"modified":"2026-04-24T18:55:36","modified_gmt":"2026-04-24T18:55:36","slug":"madrid-depasse-barcelone-parmi-les-destinations-les-plus-prisees-pour-le-retail-2","status":"publish","type":"post","link":"https:\/\/immo.lecourrier.es\/index.php\/2026\/03\/08\/madrid-depasse-barcelone-parmi-les-destinations-les-plus-prisees-pour-le-retail-2\/","title":{"rendered":"Madrid d\u00e9passe Barcelone parmi les destinations les plus pris\u00e9es pour le &#8220;retail&#8221;"},"content":{"rendered":"<p><span dir=\"auto\" style=\"vertical-align: inherit\"><span dir=\"auto\" style=\"vertical-align: inherit\"><\/p>\n<p><em>La capitale espagnole a d\u00e9pass\u00e9 Barcelone de deux points, gr\u00e2ce \u00e0 sa vie culturelle et cr\u00e9ative intense, \u00e0 ses bonnes perspectives \u00e9conomiques et \u00e0 sa qualit\u00e9 de vie. Dans le classement g\u00e9n\u00e9ral, Madrid occupe la 30e place.<\/em><\/p>\n<p>Madrid, la ville espagnole la plus int\u00e9ressante pour le commerce de d\u00e9tail. L&#8217;\u00e9ternelle bataille entre Barcelone et Madrid pour savoir quelle ville est la plus int\u00e9ressante pour le commerce de d\u00e9tail est remport\u00e9e de deux points par la capitale espagnole, qui est sortie des ann\u00e9es de pand\u00e9mie renforc\u00e9e par sa vie culturelle et cr\u00e9ative, ses bonnes perspectives \u00e9conomiques et sa qualit\u00e9 de vie, selon la derni\u00e8re \u00e9dition du rapport Hot Retail Cities, pr\u00e9par\u00e9 par Modaes avec le parrainage de Bestseller.<\/p>\n<p><strong>Les 2 villes ont combl\u00e9 leur retard par rapport \u00e0 l&#8217;\u00e9dition pr\u00e9c\u00e9dente du rapport<\/strong>, publi\u00e9e avant l&#8217;apparition de la pand\u00e9mie. En 2019, Madrid a \u00e9t\u00e9 class\u00e9e 26e et Barcelone 29e, mais la progression d&#8217;autres villes internationales les a rel\u00e9gu\u00e9es respectivement aux 30e et 31e rangs.<\/p>\n<p>Madrid, qui marque entre autres pour sa composante capitale, se distingue dans des indicateurs tels que le produit int\u00e9rieur brut (PIB) par habitant, la population (propre et dans sa zone d&#8217;influence) et <strong>le nombre de grandes entreprises qui y ont leur si\u00e8ge fiscal<\/strong>. <\/p>\n<h3 class=\"wp-block-heading\"><strong>Madrid et Barcelone ont combl\u00e9 leur retard par rapport \u00e0 l&#8217;\u00e9dition pr\u00e9c\u00e9dente du rapport, publi\u00e9e avant l&#8217;apparition de la pand\u00e9mie<\/strong><\/h3>\n<p>L&#8217;activit\u00e9 culturelle de Madrid <strong>l&#8217;a plac\u00e9e en troisi\u00e8me position dans le sous-classement des villes branch\u00e9es, qui comprend des facteurs tels que l&#8217;activit\u00e9 culturelle<\/strong>. Dans le top 5 de cette sous-section se trouvent, dans l&#8217;ordre, Paris, Milan, Madrid, Los Angeles et Mexico : Paris, Milan, Madrid, Los Angeles et Mexico, dans cet ordre.<\/p>\n<p><strong>Barcelone, pour sa part, b\u00e9n\u00e9ficie de facteurs tels que le tourisme <\/strong>(elle se classe une fois de plus parmi les premi\u00e8res destinations mondiales en termes de visiteurs et de d\u00e9penses), le port et le nombre de rues parmi les plus ch\u00e8res et les plus d\u00e9sirables au monde pour l&#8217;ouverture d&#8217;un local commercial.<\/p>\n<p>Les deux villes ont \u00e9t\u00e9 plac\u00e9es dans le classement mondial devant des villes europ\u00e9ennes telles que Rome et Berlin et \u00e0 \u00e9galit\u00e9 avec d&#8217;autres destinations telles que Duba\u00ef et Munich.<\/p>\n<p>La m\u00e9thodologie a une fois de plus pris comme point de d\u00e9part l&#8217;analyse de 150 villes, y compris les villes les plus peupl\u00e9es du monde et celles qui, bien qu&#8217;elles ne fassent pas partie du classement en termes de taille, ont une grande influence sur le secteur de la mode. <strong>L&#8217;analyse comprend cinquante indicateurs structur\u00e9s selon les cat\u00e9gories suivantes : d\u00e9mographie, \u00e9conomie, politique, environnement socio-\u00e9conomique, tourisme, commerce de d\u00e9tail, mode et villes branch\u00e9es<\/strong> (o\u00f9 des facteurs tels que l&#8217;activit\u00e9 culturelle sont inclus).<\/p>\n<figure class=\"wp-block-image size-large\"><a href=\"https:\/\/www.opea.io\"><img decoding=\"async\" src=\"https:\/\/immo.lecourrier.es\/wp-content\/uploads\/2026\/03\/image-8-2-1024x105.jpg\"><\/a><\/figure>\n<p><\/span><\/span><\/p>\n","protected":false},"excerpt":{"rendered":"<p>La capitale espagnole a d\u00e9pass\u00e9 Barcelone de deux points, gr\u00e2ce \u00e0 sa vie culturelle et cr\u00e9ative intense, \u00e0 ses bonnes perspectives \u00e9conomiques et \u00e0 sa qualit\u00e9 de vie. Dans le classement g\u00e9n\u00e9ral, Madrid occupe la 30e place. Madrid, la ville espagnole la plus int\u00e9ressante pour le commerce de d\u00e9tail. L&#8217;\u00e9ternelle bataille entre Barcelone et Madrid [&hellip;]<\/p>\n","protected":false},"author":13,"featured_media":22071,"comment_status":"open","ping_status":"closed","sticky":false,"template":"","format":"standard","meta":{"om_disable_all_campaigns":false,"_monsterinsights_skip_tracking":false,"_monsterinsights_sitenote_active":false,"_monsterinsights_sitenote_note":"","_monsterinsights_sitenote_category":0,"_uf_show_specific_survey":0,"_uf_disable_surveys":false,"footnotes":""},"categories":[212,234],"tags":[],"class_list":["post-68394","post","type-post","status-publish","format-standard","has-post-thumbnail","hentry","category-breaking-news","category-logistique-retail"],"acf":[],"_links":{"self":[{"href":"https:\/\/immo.lecourrier.es\/index.php\/wp-json\/wp\/v2\/posts\/68394","targetHints":{"allow":["GET"]}}],"collection":[{"href":"https:\/\/immo.lecourrier.es\/index.php\/wp-json\/wp\/v2\/posts"}],"about":[{"href":"https:\/\/immo.lecourrier.es\/index.php\/wp-json\/wp\/v2\/types\/post"}],"author":[{"embeddable":true,"href":"https:\/\/immo.lecourrier.es\/index.php\/wp-json\/wp\/v2\/users\/13"}],"replies":[{"embeddable":true,"href":"https:\/\/immo.lecourrier.es\/index.php\/wp-json\/wp\/v2\/comments?post=68394"}],"version-history":[{"count":0,"href":"https:\/\/immo.lecourrier.es\/index.php\/wp-json\/wp\/v2\/posts\/68394\/revisions"}],"wp:featuredmedia":[{"embeddable":true,"href":"https:\/\/immo.lecourrier.es\/index.php\/wp-json\/wp\/v2\/media\/22071"}],"wp:attachment":[{"href":"https:\/\/immo.lecourrier.es\/index.php\/wp-json\/wp\/v2\/media?parent=68394"}],"wp:term":[{"taxonomy":"category","embeddable":true,"href":"https:\/\/immo.lecourrier.es\/index.php\/wp-json\/wp\/v2\/categories?post=68394"},{"taxonomy":"post_tag","embeddable":true,"href":"https:\/\/immo.lecourrier.es\/index.php\/wp-json\/wp\/v2\/tags?post=68394"}],"curies":[{"name":"wp","href":"https:\/\/api.w.org\/{rel}","templated":true}]}}