{"id":68386,"date":"2026-03-08T11:25:42","date_gmt":"2026-03-08T11:25:42","guid":{"rendered":"https:\/\/immo.lecourrier.es\/index.php\/2026\/03\/08\/barcelona-global-demande-un-plan-dacceleration-pour-lutter-contre-la-crise-du-logement-2\/"},"modified":"2026-04-24T18:45:39","modified_gmt":"2026-04-24T18:45:39","slug":"barcelona-global-demande-un-plan-dacceleration-pour-lutter-contre-la-crise-du-logement-2","status":"publish","type":"post","link":"https:\/\/immo.lecourrier.es\/index.php\/2026\/03\/08\/barcelona-global-demande-un-plan-dacceleration-pour-lutter-contre-la-crise-du-logement-2\/","title":{"rendered":"Barcelona Global demande un plan d&#8217;acc\u00e9l\u00e9ration pour lutter contre la crise du logement"},"content":{"rendered":"<p><span dir=\"auto\" style=\"vertical-align: inherit\"><span dir=\"auto\" style=\"vertical-align: inherit\"><\/p>\n<p><em>Le lobby de Barcelone a demand\u00e9 au gouvernement d&#8217;agir davantage pour rem\u00e9dier au manque de logements abordables dans la r\u00e9gion m\u00e9tropolitaine de Barcelone et de promouvoir la construction de 25.000 appartements.<\/em><\/p>\n<p>Barcelona Global demande \u00e0 l&#8217;administration de faire preuve de plus d&#8217;initiative. L&#8217;association priv\u00e9e de Barcelone<strong> a exhort\u00e9 le secteur public \u00e0 s&#8217;attaquer \u00e0 la crise du logement dans la r\u00e9gion m\u00e9tropolitaine de Barcelone <\/strong>par le biais d&#8217;un plan d&#8217;acc\u00e9l\u00e9ration qui parviendrait \u00e0 mobiliser plus de 25.000 nouveaux logements.<\/p>\n<p>L&#8217;association a publi\u00e9 mercredi les conclusions de son rapport &#8220;D\u00e9fis et solutions pour g\u00e9n\u00e9rer des logements abordables dans la r\u00e9gion m\u00e9tropolitaine de Barcelone&#8221;, qui a recueilli pendant six mois les opinions de 56 experts du secteur afin d&#8217;identifier des formules permettant de r\u00e9pondre au besoin de logements abordables. <strong>Le projet a \u00e9t\u00e9 coordonn\u00e9 par Jaume Oliu, PDG de Reset Ventures, avec Enric Batlle (Batlle i Roig)<\/strong>, Llu\u00eds Cases (Garrigues), Anna Gener (Savills), Pau P\u00e9rez de Acha (Sareb), Marcel Prunera (Guinot Prunera), Manel Rodr\u00edguez (Sales) et Carme Trilla (Fundaci\u00f3 Habitat 3).<\/p>\n<p>Le rapport a centr\u00e9 son analyse sur la n\u00e9cessit\u00e9 de cr\u00e9er des logements abordables, en consid\u00e9rant comme tels ceux qui n\u00e9cessitent moins de 30% du revenu disponible du m\u00e9nage. Selon les donn\u00e9es de l&#8217;Observatori Metropolit\u00e0 de l&#8217;Habitatge, <strong>plus de 39 % de la population de la r\u00e9gion m\u00e9tropolitaine de Barcelone consacre plus de 40% de ses revenus au paiement de sa r\u00e9sidence principale<\/strong>.<\/p>\n<h3 class=\"wp-block-heading\"><strong>L&#8217;association propose de construire davantage d&#8217;appartements en activant les d\u00e9veloppements fonciers qui ont d\u00e9j\u00e0 fait l&#8217;objet d&#8217;un permis de construire<\/strong><\/h3>\n<p>Barcelona Global insiste sur le fait que la p\u00e9nurie actuelle sera amplifi\u00e9e \u00e0 l&#8217;avenir en raison de la poursuite de la croissance des changements dans les modes de cohabitation, malgr\u00e9 le ralentissement de la croissance d\u00e9mographique. Le rapport conclut que, jusqu&#8217;en 2050, <strong>la demande de nouvelles constructions de r\u00e9sidences principales dans la r\u00e9gion de Barcelone s&#8217;\u00e9l\u00e8vera \u00e0 470.000<\/strong>, selon les derni\u00e8res donn\u00e9es du rapport.<\/p>\n<p>C&#8217;est pourquoi l&#8217;association propose de construire davantage d&#8217;appartements en activant les projets de d\u00e9veloppement foncier qui ont d\u00e9j\u00e0 fait l&#8217;objet d&#8217;un permis de construire. Selon cette formule, le document indique que 25.000 nouveaux logements pourraient \u00eatre cr\u00e9\u00e9s en cinq ans, dont la moiti\u00e9 \u00e0 des prix abordables, mais il insiste sur le fait qu&#8217;une plus grande &#8220;coordination et des moyens mat\u00e9riels&#8221; sont n\u00e9cessaires pour y parvenir \u00e0 la vitesse voulue.<\/p>\n<p>&#8220;<strong>La collaboration public-priv\u00e9, en promouvant des formules telles que les concessions fonci\u00e8res et les droits de superficie<\/strong>, permettrait \u00e9galement d&#8217;acc\u00e9l\u00e9rer la construction de logements abordables en propri\u00e9t\u00e9 publique&#8221;, ajoute l&#8217;organisation.<\/p>\n<p>Pour illustrer l&#8217;existence de ces terrains r\u00e9sidentiels, le rapport d\u00e9taille cinq zones de Barcelone : Tres Xemeneies, avec 1.783 logements ; Baix Llobregat, 15.924 logements ; Cerdanyola del Vall\u00e8s, avec 5.377 logements ; Badalona, avec 176 logements, et Montcada i Reixach, avec 2.000 logements.<\/p>\n<p><\/span><\/span><\/p>\n","protected":false},"excerpt":{"rendered":"<p>Le lobby de Barcelone a demand\u00e9 au gouvernement d&#8217;agir davantage pour rem\u00e9dier au manque de logements abordables dans la r\u00e9gion m\u00e9tropolitaine de Barcelone et de promouvoir la construction de 25.000 appartements. Barcelona Global demande \u00e0 l&#8217;administration de faire preuve de plus d&#8217;initiative. L&#8217;association priv\u00e9e de Barcelone a exhort\u00e9 le secteur public \u00e0 s&#8217;attaquer \u00e0 la [&hellip;]<\/p>\n","protected":false},"author":13,"featured_media":22039,"comment_status":"open","ping_status":"closed","sticky":false,"template":"","format":"standard","meta":{"om_disable_all_campaigns":false,"_monsterinsights_skip_tracking":false,"_monsterinsights_sitenote_active":false,"_monsterinsights_sitenote_note":"","_monsterinsights_sitenote_category":0,"_uf_show_specific_survey":0,"_uf_disable_surveys":false,"footnotes":""},"categories":[212],"tags":[],"class_list":["post-68386","post","type-post","status-publish","format-standard","has-post-thumbnail","hentry","category-breaking-news"],"acf":[],"_links":{"self":[{"href":"https:\/\/immo.lecourrier.es\/index.php\/wp-json\/wp\/v2\/posts\/68386","targetHints":{"allow":["GET"]}}],"collection":[{"href":"https:\/\/immo.lecourrier.es\/index.php\/wp-json\/wp\/v2\/posts"}],"about":[{"href":"https:\/\/immo.lecourrier.es\/index.php\/wp-json\/wp\/v2\/types\/post"}],"author":[{"embeddable":true,"href":"https:\/\/immo.lecourrier.es\/index.php\/wp-json\/wp\/v2\/users\/13"}],"replies":[{"embeddable":true,"href":"https:\/\/immo.lecourrier.es\/index.php\/wp-json\/wp\/v2\/comments?post=68386"}],"version-history":[{"count":0,"href":"https:\/\/immo.lecourrier.es\/index.php\/wp-json\/wp\/v2\/posts\/68386\/revisions"}],"wp:featuredmedia":[{"embeddable":true,"href":"https:\/\/immo.lecourrier.es\/index.php\/wp-json\/wp\/v2\/media\/22039"}],"wp:attachment":[{"href":"https:\/\/immo.lecourrier.es\/index.php\/wp-json\/wp\/v2\/media?parent=68386"}],"wp:term":[{"taxonomy":"category","embeddable":true,"href":"https:\/\/immo.lecourrier.es\/index.php\/wp-json\/wp\/v2\/categories?post=68386"},{"taxonomy":"post_tag","embeddable":true,"href":"https:\/\/immo.lecourrier.es\/index.php\/wp-json\/wp\/v2\/tags?post=68386"}],"curies":[{"name":"wp","href":"https:\/\/api.w.org\/{rel}","templated":true}]}}