{"id":68384,"date":"2026-03-08T11:25:35","date_gmt":"2026-03-08T11:25:35","guid":{"rendered":"https:\/\/immo.lecourrier.es\/index.php\/2026\/03\/08\/invext-loue-a-la-nrf-une-plateforme-logistique-de-12-700-m2-a-valence-2\/"},"modified":"2026-04-24T18:45:38","modified_gmt":"2026-04-24T18:45:38","slug":"invext-loue-a-la-nrf-une-plateforme-logistique-de-12-700-m2-a-valence-2","status":"publish","type":"post","link":"https:\/\/immo.lecourrier.es\/index.php\/2026\/03\/08\/invext-loue-a-la-nrf-une-plateforme-logistique-de-12-700-m2-a-valence-2\/","title":{"rendered":"Invext loue \u00e0 la NRF une plateforme logistique de 12.700 m2 \u00e0 Valence"},"content":{"rendered":"<p><span dir=\"auto\" style=\"vertical-align: inherit\"><span dir=\"auto\" style=\"vertical-align: inherit\"><\/p>\n<p><em>L&#8217;actif est situ\u00e9 \u00e0 Catarroja et dispose de 20 quais de chargement, de 3 rampes d&#8217;acc\u00e8s pour les camions et de quatre portes d&#8217;acc\u00e8s.<\/em><\/p>\n<p><strong>NRF Espa\u00f1a<\/strong> a annonc\u00e9 avoir obtenu le bail du projet logistique qu&#8217;<strong>Olivares Consultores<\/strong> commercialise en exclusivit\u00e9 \u00e0 <strong>Catarroja<\/strong>. La plateforme, de 12.700 m2 sur un terrain de 20.300 m2, est situ\u00e9e sur la premi\u00e8re ligne de la V31, la Pista de Silla, une zone de premier choix tr\u00e8s proche du port de Valence et de la ville. Il dispose \u00e9galement de 20 quais de chargement, de trois rampes d&#8217;acc\u00e8s pour les camions, de quatre portes d&#8217;acc\u00e8s, d&#8217;une hauteur libre de 12 m\u00e8tres et d&#8217;une surface ferm\u00e9e de 36 et 20 m\u00e8tres. Il obtiendra \u00e9galement la certification environnementale Breeam.<\/p>\n<p>Le d\u00e9partement industriel et logistique d&#8217;<strong>Olivares Consultores<\/strong>, sp\u00e9cialiste de ce type d&#8217;op\u00e9rations, a \u00e9t\u00e9 pr\u00e9sent tout au long du processus, depuis le d\u00e9but avec la d\u00e9molition des anciennes installations de <strong>Plastic Omnium<\/strong>, en passant par la vente de la tablette en 2018, son urbanisation et la modification du <strong>PGOU<\/strong> en termes de hauteurs, ainsi que dans le processus de conception et d&#8217;ex\u00e9cution du projet, jusqu&#8217;\u00e0 la fin avec le bail.<\/p>\n<p>Avec cette mise en \u0153uvre, <strong>NRF<\/strong> refl\u00e8te son intention de r\u00e9pondre aux demandes croissantes de ses clients, \u00e0 la fois sur les march\u00e9s espagnol et portugais, ainsi que sur les march\u00e9s d&#8217;exportation internationaux. En outre, cette propri\u00e9t\u00e9 am\u00e9liore l&#8217;efficacit\u00e9 op\u00e9rationnelle et garantit l&#8217;adaptation de l&#8217;entreprise aux attentes de croissance futures.<\/p>\n<p>\u00c0 cet \u00e9gard, <strong>V\u00edctor Jim\u00e9nez<\/strong>, directeur industriel et logistique d&#8217;<strong>Olivares Consultores<\/strong>, a soulign\u00e9 que &#8220;nous sommes tr\u00e8s fiers d&#8217;accueillir l&#8217;entreprise <strong>NRF<\/strong>, main dans la main avec <strong>BNPRE<\/strong>, dans le projet logistique que nous avons cr\u00e9\u00e9 pour<strong> Invext Corporation<\/strong>. Nous travaillons depuis longtemps en tandem pour d\u00e9velopper un espace de haute qualit\u00e9 dans ce lieu strat\u00e9gique&#8221;.<\/p>\n<p><strong>Santiago Royo<\/strong>, PDG d&#8217;<strong>Invext Corporation<\/strong>, a ajout\u00e9 : &#8220;Nous remercions toute notre \u00e9quipe qui, avec V\u00edctor Jim\u00e9nez, a r\u00e9ussi \u00e0 d\u00e9velopper cette plateforme logistique. Nous remercions \u00e9galement la <strong>NRF<\/strong>, <strong>BNPRE<\/strong> et <strong>Olivares Consultores<\/strong> d&#8217;avoir rendu possible cette alliance passionnante&#8221;.<\/p>\n<p>Enfin, <strong>Jos\u00e9 Antonio G\u00f3mez<\/strong>, directeur de <strong>NRF Espagne<\/strong>, a conclu en d\u00e9clarant que &#8220;nous sommes ravis de cette expansion qui repr\u00e9sente une \u00e9tape importante dans la croissance de <strong>NRF Iberia &amp;<\/strong> Overseas. Ce nouvel entrep\u00f4t ne r\u00e9sout pas seulement les probl\u00e8mes de rupture de stock de nos distributeurs, mais renforce \u00e9galement notre engagement en mati\u00e8re de d\u00e9veloppement durable. Notre structure logistique de classe mondiale r\u00e9duit l&#8217;empreinte carbone r\u00e9sultant \u00e0 la fois des longues cha\u00eenes d&#8217;approvisionnement habituelles vers la p\u00e9ninsule ib\u00e9rique et de la fragmentation excessive de la distribution&#8221;.<\/p>\n<p>La r\u00e9gion m\u00e9ridionale continue de retenir l&#8217;attention des clients finaux et des investisseurs. Son excellente situation, avec un port et d&#8217;excellentes liaisons routi\u00e8res et ferroviaires, fait de cet arc de zones industrielles un endroit tr\u00e8s convoit\u00e9.<\/p>\n<figure class=\"wp-block-image size-large\"><a href=\"https:\/\/www.opea.io\/\"><img decoding=\"async\" src=\"https:\/\/immo.lecourrier.es\/wp-content\/uploads\/2026\/03\/image-8-2-1024x105.jpg\"><\/a><\/figure>\n<p><\/span><\/span><\/p>\n","protected":false},"excerpt":{"rendered":"<p>L&#8217;actif est situ\u00e9 \u00e0 Catarroja et dispose de 20 quais de chargement, de 3 rampes d&#8217;acc\u00e8s pour les camions et de quatre portes d&#8217;acc\u00e8s. NRF Espa\u00f1a a annonc\u00e9 avoir obtenu le bail du projet logistique qu&#8217;Olivares Consultores commercialise en exclusivit\u00e9 \u00e0 Catarroja. La plateforme, de 12.700 m2 sur un terrain de 20.300 m2, est situ\u00e9e [&hellip;]<\/p>\n","protected":false},"author":13,"featured_media":22035,"comment_status":"open","ping_status":"closed","sticky":false,"template":"","format":"standard","meta":{"om_disable_all_campaigns":false,"_monsterinsights_skip_tracking":false,"_monsterinsights_sitenote_active":false,"_monsterinsights_sitenote_note":"","_monsterinsights_sitenote_category":0,"_uf_show_specific_survey":0,"_uf_disable_surveys":false,"footnotes":""},"categories":[212,234],"tags":[],"class_list":["post-68384","post","type-post","status-publish","format-standard","has-post-thumbnail","hentry","category-breaking-news","category-logistique-retail"],"acf":[],"_links":{"self":[{"href":"https:\/\/immo.lecourrier.es\/index.php\/wp-json\/wp\/v2\/posts\/68384","targetHints":{"allow":["GET"]}}],"collection":[{"href":"https:\/\/immo.lecourrier.es\/index.php\/wp-json\/wp\/v2\/posts"}],"about":[{"href":"https:\/\/immo.lecourrier.es\/index.php\/wp-json\/wp\/v2\/types\/post"}],"author":[{"embeddable":true,"href":"https:\/\/immo.lecourrier.es\/index.php\/wp-json\/wp\/v2\/users\/13"}],"replies":[{"embeddable":true,"href":"https:\/\/immo.lecourrier.es\/index.php\/wp-json\/wp\/v2\/comments?post=68384"}],"version-history":[{"count":0,"href":"https:\/\/immo.lecourrier.es\/index.php\/wp-json\/wp\/v2\/posts\/68384\/revisions"}],"wp:featuredmedia":[{"embeddable":true,"href":"https:\/\/immo.lecourrier.es\/index.php\/wp-json\/wp\/v2\/media\/22035"}],"wp:attachment":[{"href":"https:\/\/immo.lecourrier.es\/index.php\/wp-json\/wp\/v2\/media?parent=68384"}],"wp:term":[{"taxonomy":"category","embeddable":true,"href":"https:\/\/immo.lecourrier.es\/index.php\/wp-json\/wp\/v2\/categories?post=68384"},{"taxonomy":"post_tag","embeddable":true,"href":"https:\/\/immo.lecourrier.es\/index.php\/wp-json\/wp\/v2\/tags?post=68384"}],"curies":[{"name":"wp","href":"https:\/\/api.w.org\/{rel}","templated":true}]}}