{"id":68383,"date":"2026-03-08T11:25:30","date_gmt":"2026-03-08T11:25:30","guid":{"rendered":"https:\/\/immo.lecourrier.es\/index.php\/2026\/03\/08\/la-construction-de-lhotel-torre-del-puerto-a-malaga-est-approuvee-apres-7-ans-2\/"},"modified":"2026-04-24T18:45:36","modified_gmt":"2026-04-24T18:45:36","slug":"la-construction-de-lhotel-torre-del-puerto-a-malaga-est-approuvee-apres-7-ans-2","status":"publish","type":"post","link":"https:\/\/immo.lecourrier.es\/index.php\/2026\/03\/08\/la-construction-de-lhotel-torre-del-puerto-a-malaga-est-approuvee-apres-7-ans-2\/","title":{"rendered":"La construction de l&#8217;h\u00f4tel Torre del Puerto \u00e0 Malaga est approuv\u00e9e apr\u00e8s 7 ans"},"content":{"rendered":"<p><span dir=\"auto\" style=\"vertical-align: inherit\"><span dir=\"auto\" style=\"vertical-align: inherit\"><\/p>\n<p><em><strong>Le projet d&#8217;h\u00f4tel Torre del Puerto a finalement re\u00e7u l&#8217;approbation du conseil municipal de Malaga, apr\u00e8s 7 ans de n\u00e9gociations avec les 4 administrations de l&#8217;\u00c9tat <\/strong>et un appel d&#8217;offres public lanc\u00e9 par l&#8217;autorit\u00e9 portuaire. <strong>Con\u00e7u par Estudio Segu\u00ed, il marquera une \u00e9tape importante dans le d\u00e9veloppement urbain de la ville<\/strong>. Le projet a \u00e9t\u00e9 pr\u00e9sent\u00e9 par les soci\u00e9t\u00e9s Andalusian Hospitality II et Al Alfia, en collaboration avec le groupe h\u00f4telier Hesperia. Il b\u00e9n\u00e9ficie \u00e9galement du soutien du fonds li\u00e9 \u00e0 la famille royale du Qatar. <strong>Puertos del Estado va maintenant soumettre le projet au Conseil des ministres, qui sera l&#8217;organe charg\u00e9 de prendre la d\u00e9cision finale concernant la construction du complexe h\u00f4telier<\/strong>.<\/em><\/p>\n<h3 class=\"wp-block-heading\"><strong>Stimuler le d\u00e9veloppement urbain \u00e0 Malaga<\/strong><\/h3>\n<p>Strat\u00e9giquement situ\u00e9 sur le Dique de Levante, l&#8217;h\u00f4tel Torre del Puerto vise non seulement \u00e0 devenir une r\u00e9f\u00e9rence architecturale avec ses 27 \u00e9tages et ses 378 chambres 5 \u00e9toiles de grand luxe, mais aussi \u00e0 contribuer \u00e0 attirer plus de 300 navires de croisi\u00e8re par an, g\u00e9n\u00e9rant un flux estim\u00e9 \u00e0 500.000 touristes au cours de cette p\u00e9riode.<\/p>\n<p>Le projet devrait g\u00e9n\u00e9rer la cr\u00e9ation de plus de 600 emplois directs et indirects pendant la construction et la p\u00e9riode de concession de 50 ans. Il se distingue \u00e9galement par sa contribution essentielle au d\u00e9veloppement touristique et culturel de Malaga et de la Costa del Sol, en favorisant la durabilit\u00e9 gr\u00e2ce \u00e0 l&#8217;utilisation de technologies \u00e9co-efficaces et d&#8217;une centrale photovolta\u00efque, conform\u00e9ment \u00e0 la r\u00e9glementation europ\u00e9enne.<\/p>\n<p>En ce qui concerne l&#8217;affectation de l&#8217;espace public, l&#8217;h\u00f4tel Torre del Puerto pr\u00e9sente une proposition compl\u00e8te qui englobe l&#8217;am\u00e9nagement paysager, transformant les zones interstitielles en espaces publics qui am\u00e9lioreront la qualit\u00e9 de la ville. De m\u00eame, les d\u00e9tails de la conception de l&#8217;am\u00e9nagement paysager, l&#8217;extension des zones vertes et les avantages environnementaux et sociaux sont incorpor\u00e9s comme \u00e9l\u00e9ments fondamentaux de cette initiative.<\/p>\n<h3 class=\"wp-block-heading\"><strong>Transparence et engagement<\/strong><\/h3>\n<p>&#8220;Le processus d&#8217;approbation du plan sp\u00e9cial du port a \u00e9t\u00e9 exhaustif, allant de l&#8217;appel d&#8217;offres public de l&#8217;autorit\u00e9 portuaire \u00e0 de nombreuses consultations et d\u00e9bats publics. Ce processus garantit un contenu urbanistique r\u00e9glement\u00e9 et offre la certitude que le terrain portuaire conservera son statut de propri\u00e9t\u00e9 publique, emp\u00eachant ainsi tout acte sp\u00e9culatif \u00e0 l&#8217;avenir. La transparence et la participation ont \u00e9t\u00e9 des piliers fondamentaux, soulignant l&#8217;engagement \u00e9thique et l&#8217;int\u00e9grit\u00e9 du projet&#8221;, d\u00e9clare Estudio Segu\u00ed.<\/p>\n<p>Ils ajoutent qu&#8217;en ce qui concerne l&#8217;impact sur l&#8217;environnement, ils ont exprim\u00e9 leur engagement en faveur de la durabilit\u00e9, en veillant au strict respect de la r\u00e9glementation. &#8220;Cet engagement implique non seulement la pr\u00e9servation de l&#8217;environnement naturel, mais aussi un profond respect pour le pr\u00e9cieux patrimoine culturel de la ville.<\/p>\n<p>Jos\u00e9 Segu\u00ed, laur\u00e9at du prix national d&#8217;urbanisme et du prix Europa Nostra de l&#8217;UNESCO, directeur et fondateur d&#8217;Estudio Segu\u00ed, a d\u00e9clar\u00e9 : &#8220;La Torre del Puerto est la consolidation du nouveau r\u00e9am\u00e9nagement de la ville portuaire et la mat\u00e9rialisation de notre objectif de fusionner l&#8217;innovation architecturale avec l&#8217;identit\u00e9 du puissant d\u00e9veloppement actuel du port et de la ville de Malaga. Sa conception ne cherche pas seulement \u00e0 se r\u00e9f\u00e9rer au nouveau profil de la ville, mais aussi \u00e0 enrichir son tissu social et culturel&#8221;.<\/p>\n<p><\/span><\/span><\/p>\n","protected":false},"excerpt":{"rendered":"<p>Le projet d&#8217;h\u00f4tel Torre del Puerto a finalement re\u00e7u l&#8217;approbation du conseil municipal de Malaga, apr\u00e8s 7 ans de n\u00e9gociations avec les 4 administrations de l&#8217;\u00c9tat et un appel d&#8217;offres public lanc\u00e9 par l&#8217;autorit\u00e9 portuaire. Con\u00e7u par Estudio Segu\u00ed, il marquera une \u00e9tape importante dans le d\u00e9veloppement urbain de la ville. Le projet a \u00e9t\u00e9 [&hellip;]<\/p>\n","protected":false},"author":13,"featured_media":22031,"comment_status":"open","ping_status":"closed","sticky":false,"template":"","format":"standard","meta":{"om_disable_all_campaigns":false,"_monsterinsights_skip_tracking":false,"_monsterinsights_sitenote_active":false,"_monsterinsights_sitenote_note":"","_monsterinsights_sitenote_category":0,"_uf_show_specific_survey":0,"_uf_disable_surveys":false,"footnotes":""},"categories":[212,258],"tags":[],"class_list":["post-68383","post","type-post","status-publish","format-standard","has-post-thumbnail","hentry","category-breaking-news","category-hotels-living"],"acf":[],"_links":{"self":[{"href":"https:\/\/immo.lecourrier.es\/index.php\/wp-json\/wp\/v2\/posts\/68383","targetHints":{"allow":["GET"]}}],"collection":[{"href":"https:\/\/immo.lecourrier.es\/index.php\/wp-json\/wp\/v2\/posts"}],"about":[{"href":"https:\/\/immo.lecourrier.es\/index.php\/wp-json\/wp\/v2\/types\/post"}],"author":[{"embeddable":true,"href":"https:\/\/immo.lecourrier.es\/index.php\/wp-json\/wp\/v2\/users\/13"}],"replies":[{"embeddable":true,"href":"https:\/\/immo.lecourrier.es\/index.php\/wp-json\/wp\/v2\/comments?post=68383"}],"version-history":[{"count":0,"href":"https:\/\/immo.lecourrier.es\/index.php\/wp-json\/wp\/v2\/posts\/68383\/revisions"}],"wp:featuredmedia":[{"embeddable":true,"href":"https:\/\/immo.lecourrier.es\/index.php\/wp-json\/wp\/v2\/media\/22031"}],"wp:attachment":[{"href":"https:\/\/immo.lecourrier.es\/index.php\/wp-json\/wp\/v2\/media?parent=68383"}],"wp:term":[{"taxonomy":"category","embeddable":true,"href":"https:\/\/immo.lecourrier.es\/index.php\/wp-json\/wp\/v2\/categories?post=68383"},{"taxonomy":"post_tag","embeddable":true,"href":"https:\/\/immo.lecourrier.es\/index.php\/wp-json\/wp\/v2\/tags?post=68383"}],"curies":[{"name":"wp","href":"https:\/\/api.w.org\/{rel}","templated":true}]}}