{"id":66949,"date":"2026-03-07T19:55:42","date_gmt":"2026-03-07T19:55:42","guid":{"rendered":"https:\/\/immo.lecourrier.es\/index.php\/2026\/03\/07\/ayuso-accordera-un-bonus-de-50-sur-les-donations-et-les-successions-entre-freres-et-soeurs-neveux-et-nieces\/"},"modified":"2026-04-24T00:36:48","modified_gmt":"2026-04-24T00:36:48","slug":"ayuso-accordera-un-bonus-de-50-sur-les-donations-et-les-successions-entre-freres-et-soeurs-neveux-et-nieces","status":"publish","type":"post","link":"https:\/\/immo.lecourrier.es\/index.php\/2026\/03\/07\/ayuso-accordera-un-bonus-de-50-sur-les-donations-et-les-successions-entre-freres-et-soeurs-neveux-et-nieces\/","title":{"rendered":"Ayuso accordera un bonus de 50% sur les donations et les successions entre fr\u00e8res et s\u0153urs, neveux et ni\u00e8ces"},"content":{"rendered":"<p><span dir=\"auto\" style=\"vertical-align: inherit\"><span dir=\"auto\" style=\"vertical-align: inherit\"><\/p>\n<p>La pr\u00e9sidente de la Communaut\u00e9 de Madrid, Isabel D\u00edaz Ayuso, a annonc\u00e9 que le traitement des nouvelles r\u00e9ductions de l&#8217;imp\u00f4t sur les successions et les donations commencerait cette semaine.<\/p>\n<p>La dirigeante r\u00e9gionale l&#8217;a confirm\u00e9 lors d&#8217;une conf\u00e9rence \u00e0 la maison Forbes, o\u00f9 elle a annonc\u00e9 que le 19 f\u00e9vrier, le Conseil de gouvernement commencera \u00e0 traiter ces nouvelles r\u00e9ductions d&#8217;imp\u00f4ts \u00e0 Madrid.<\/p>\n<p>Concr\u00e8tement, la r\u00e9duction de l&#8217;imp\u00f4t sur les successions et les donations entre fr\u00e8res et s\u0153urs, oncles, tantes et neveux passera de 25% \u00e0 50%, ce qui repr\u00e9sentera une \u00e9conomie de 140 millions d&#8217;euros par an pour les Madril\u00e8nes.<\/p>\n<p>En outre, 100 % de l&#8217;imp\u00f4t sur les donations inf\u00e9rieures \u00e0 1.000 euros sera subventionn\u00e9, ce qui \u00e9liminera l&#8217;obligation de pr\u00e9senter une auto-\u00e9valuation pour les donations inf\u00e9rieures \u00e0 ce montant. L&#8217;obligation formelle de signer un document public sera \u00e9galement supprim\u00e9e pour les donations d&#8217;un montant inf\u00e9rieur ou \u00e9gal \u00e0 10.000 euros qui ne n\u00e9cessitent pas la signature d&#8217;un document public pour leur inscription dans un registre public.<\/p>\n<p>Ainsi, le Conseil de gouvernement autorisera le d\u00e9but de la proc\u00e9dure d&#8217;audition et d&#8217;information publique pour le projet de loi relatif \u00e0 cette r\u00e9duction d&#8217;imp\u00f4t, qui continuera \u00e0 consolider Madrid en tant que r\u00e9gion autonome \u00ab avec les imp\u00f4ts les plus bas d&#8217;Espagne \u00bb.<\/p>\n<p>Selon M. Ayuso, la r\u00e9duction de l&#8217;imp\u00f4t sur les successions et les donations b\u00e9n\u00e9ficiera \u00e0 14 000 contribuables, ce qui repr\u00e9sente une \u00e9conomie de 188 millions d&#8217;euros par an, et sera applicable \u00e0 l&#8217;ensemble du groupe III de parent\u00e9. En 2022, il avait d\u00e9j\u00e0 relev\u00e9 l&#8217;abattement de 15 % \u00e0 25 % entre fr\u00e8res et s\u0153urs et de 10 % \u00e0 25 % entre oncles, tantes, oncles et neveux.<\/p>\n<p>\u00ab Cette mesure consolide la politique fiscale de mon gouvernement, qui consid\u00e8re cet imp\u00f4t comme injuste et anachronique et qui a d\u00e9j\u00e0 \u00e9t\u00e9 \u00e9limin\u00e9 par de nombreux pays de l&#8217;Union europ\u00e9enne, et c&#8217;est \u00e9galement un engagement de notre programme \u00e9lectoral en 2023, qui a d&#8217;ailleurs \u00e9t\u00e9 largement soutenu par les Madril\u00e8nes dans les urnes \u00bb, a soulign\u00e9 le pr\u00e9sident de la Communaut\u00e9 de Madrid.<\/p>\n<h3 class=\"wp-block-heading\">\u00c9viter l&#8217;asphyxie des familles<\/h3>\n<p>L&#8217;objectif est que toutes les familles, \u00e0 commencer par les familles vuln\u00e9rables ou de la classe moyenne, \u00ab ne soient pas asphyxi\u00e9es lorsqu&#8217;elles h\u00e9ritent de ce qui leur appartient et sans avoir \u00e0 faire faillite comme cela se produit dans de nombreux endroits en Espagne, c&#8217;est-\u00e0-dire \u00e0 punir l&#8217;\u00e9pargne et les biens \u00bb.<\/p>\n<p>Selon le gouvernement r\u00e9gional, deux fr\u00e8res et s\u0153urs qui h\u00e9ritent d&#8217;un autre fr\u00e8re ou d&#8217;une autre s\u0153ur d\u00e9c\u00e9d\u00e9(e), sans descendants, ascendants ou conjoint(e), et qui poss\u00e9daient un logement d&#8217;une valeur de 200 000 euros et des \u00e9conomies d&#8217;un montant total de 100 000 euros, \u00e9viteront de payer plus de 15 600 euros chacun sur leur dette fiscale non impos\u00e9e (le double du montant actuel, soit pr\u00e8s de 7 850 euros de plus pour chacun) gr\u00e2ce au nouvel all\u00e8gement fiscal.<br \/>De leur c\u00f4t\u00e9, quatre neveux et ni\u00e8ces qui h\u00e9ritent de leur oncle (dans les m\u00eames circonstances que ci-dessus) de leur r\u00e9sidence habituelle d&#8217;une valeur de 250.000 euros et de sommes d&#8217;argent sur des comptes d&#8217;un montant total de 100.000 euros, \u00e9conomiseront d\u00e9sormais plus de 7.200 euros chacun sur leur dette fiscale sans abattement fiscal (le double du montant actuel, soit pr\u00e8s de 3.620 euros de plus pour chacun).<\/p>\n<p>Lors de son intervention, Mme Ayuso a appel\u00e9 au respect de l&#8217;autonomie fiscale de la r\u00e9gion, qui la rend \u00ab attractive et comp\u00e9titive \u00bb, loin des \u00ab mensonges qui sont v\u00e9hicul\u00e9s \u00bb. \u00ab Ce n&#8217;est pas au d\u00e9triment du reste de l&#8217;Espagne, bien au contraire \u00bb, a-t-elle d\u00e9clar\u00e9.<\/p>\n<p>En outre, il a d\u00e9fendu le fait qu&#8217;il ne s&#8217;agit pas de \u00ab dumping fiscal \u00bb, comme certains le disent sans rougir, mais que la Communaut\u00e9 de Madrid utilise \u00ab son autonomie et sa capacit\u00e9 r\u00e9glementaire, qui sont inscrites dans la Constitution, pour d\u00e9finir sa politique fiscale et \u00eatre plus comp\u00e9titive, comme elle peut le faire dans n&#8217;importe quelle autre r\u00e9gion d&#8217;Espagne \u00bb.<\/p>\n<h3 class=\"wp-block-heading\">Plus de 30 r\u00e9ductions d&#8217;imp\u00f4ts \u00e0 partir de 2019<\/h3>\n<p>Cette nouvelle r\u00e9duction fiscale s&#8217;ajoute aux 31 approuv\u00e9es depuis par le gouvernement r\u00e9gional depuis 2019 sous la pr\u00e9sidence d&#8217;Isabel D\u00edaz Ayuso et qui ont permis aux Madril\u00e8nes d&#8217;\u00e9conomiser 31,3 milliards d&#8217;euros.<\/p>\n<p>Selon le communiqu\u00e9 officiel de la Communaut\u00e9 de Madrid, cette politique \u00e9conomique et fiscale a conduit la r\u00e9gion \u00ab \u00e0 \u00eatre en t\u00eate depuis 2020 de l&#8217;Indice Autonome de Comp\u00e9titivit\u00e9 Fiscale en Espagne, pr\u00e9par\u00e9 chaque ann\u00e9e par des experts ind\u00e9pendants de la Fondation pour l&#8217;Avancement de la Libert\u00e9 et de la Fondation Fiscale des \u00c9tats-Unis \u00bb.<\/p>\n<p>Ces nouvelles r\u00e9ductions de l&#8217;imp\u00f4t sur les successions et les donations font partie des neuf r\u00e9ductions fiscales accord\u00e9es cette ann\u00e9e dans la r\u00e9gion, principalement destin\u00e9es \u00e0 faciliter l&#8217;achat et la location de logements, qui repr\u00e9sentent \u00e9galement une \u00e9conomie annuelle de 310 millions d&#8217;euros pour l&#8217;ensemble de la population madril\u00e8ne.<\/p>\n<p>Source : Idealista<\/p>\n<div style=\"height:100px\" aria-hidden=\"true\" class=\"wp-block-spacer\"><\/div>\n<\/p>\n<p><\/span><\/span><\/p>\n","protected":false},"excerpt":{"rendered":"<p>La pr\u00e9sidente de la Communaut\u00e9 de Madrid, Isabel D\u00edaz Ayuso, a annonc\u00e9 que le traitement des nouvelles r\u00e9ductions de l&#8217;imp\u00f4t sur les successions et les donations commencerait cette semaine. La dirigeante r\u00e9gionale l&#8217;a confirm\u00e9 lors d&#8217;une conf\u00e9rence \u00e0 la maison Forbes, o\u00f9 elle a annonc\u00e9 que le 19 f\u00e9vrier, le Conseil de gouvernement commencera \u00e0 [&hellip;]<\/p>\n","protected":false},"author":13,"featured_media":65314,"comment_status":"open","ping_status":"closed","sticky":false,"template":"","format":"standard","meta":{"om_disable_all_campaigns":false,"_monsterinsights_skip_tracking":false,"_monsterinsights_sitenote_active":false,"_monsterinsights_sitenote_note":"","_monsterinsights_sitenote_category":0,"_uf_show_specific_survey":0,"_uf_disable_surveys":false,"footnotes":""},"categories":[212,4392],"tags":[],"class_list":["post-66949","post","type-post","status-publish","format-standard","has-post-thumbnail","hentry","category-breaking-news","category-patrimoine"],"acf":[],"_links":{"self":[{"href":"https:\/\/immo.lecourrier.es\/index.php\/wp-json\/wp\/v2\/posts\/66949","targetHints":{"allow":["GET"]}}],"collection":[{"href":"https:\/\/immo.lecourrier.es\/index.php\/wp-json\/wp\/v2\/posts"}],"about":[{"href":"https:\/\/immo.lecourrier.es\/index.php\/wp-json\/wp\/v2\/types\/post"}],"author":[{"embeddable":true,"href":"https:\/\/immo.lecourrier.es\/index.php\/wp-json\/wp\/v2\/users\/13"}],"replies":[{"embeddable":true,"href":"https:\/\/immo.lecourrier.es\/index.php\/wp-json\/wp\/v2\/comments?post=66949"}],"version-history":[{"count":0,"href":"https:\/\/immo.lecourrier.es\/index.php\/wp-json\/wp\/v2\/posts\/66949\/revisions"}],"wp:featuredmedia":[{"embeddable":true,"href":"https:\/\/immo.lecourrier.es\/index.php\/wp-json\/wp\/v2\/media\/65314"}],"wp:attachment":[{"href":"https:\/\/immo.lecourrier.es\/index.php\/wp-json\/wp\/v2\/media?parent=66949"}],"wp:term":[{"taxonomy":"category","embeddable":true,"href":"https:\/\/immo.lecourrier.es\/index.php\/wp-json\/wp\/v2\/categories?post=66949"},{"taxonomy":"post_tag","embeddable":true,"href":"https:\/\/immo.lecourrier.es\/index.php\/wp-json\/wp\/v2\/tags?post=66949"}],"curies":[{"name":"wp","href":"https:\/\/api.w.org\/{rel}","templated":true}]}}