{"id":66918,"date":"2026-03-07T19:35:36","date_gmt":"2026-03-07T19:35:36","guid":{"rendered":"https:\/\/immo.lecourrier.es\/index.php\/2026\/03\/07\/colonial-et-la-sfl-francaise-approuvent-leur-fusion\/"},"modified":"2026-04-24T00:15:55","modified_gmt":"2026-04-24T00:15:55","slug":"colonial-et-la-sfl-francaise-approuvent-leur-fusion","status":"publish","type":"post","link":"https:\/\/immo.lecourrier.es\/index.php\/2026\/03\/07\/colonial-et-la-sfl-francaise-approuvent-leur-fusion\/","title":{"rendered":"Colonial et la SFL fran\u00e7aise approuvent leur fusion"},"content":{"rendered":"<p><span dir=\"auto\" style=\"vertical-align: inherit\"><span dir=\"auto\" style=\"vertical-align: inherit\"><\/p>\n<p>Les conseils d&#8217;administration de Colonial et de la Soci\u00e9t\u00e9 Fonci\u00e8re Lyonnaise (SFL) ont approuv\u00e9 le projet de fusion conjointe entre Inmobiliaria Colonial, en tant que soci\u00e9t\u00e9 absorbante, et la Soci\u00e9t\u00e9 Fonci\u00e8re Lyonnaise, en tant que soci\u00e9t\u00e9 absorb\u00e9e.<\/p>\n<p>La fusion transfrontali\u00e8re intra-europ\u00e9enne entra\u00eenera l&#8217;extinction de SFL par sa dissolution sans liquidation et le transfert en bloc de tous ses actifs \u00e0 Colonial, qui acquerra par succession universelle tous les biens, droits et obligations de SFL.<\/p>\n<p>La parit\u00e9 d&#8217;\u00e9change a \u00e9t\u00e9 fix\u00e9e \u00e0 13 actions Colonial pour une action SFL. Par ailleurs, un prix de sortie de 77,5 euros par action SFL (qui sera ajust\u00e9 en fonction du montant du dividende de SFL qui sera soumis \u00e0 l&#8217;approbation de l&#8217;assembl\u00e9e g\u00e9n\u00e9rale de SFL avant la fusion) a \u00e9t\u00e9 fix\u00e9 pour les actionnaires de SFL qui d\u00e9cideront de voter contre la fusion lors de l&#8217;assembl\u00e9e g\u00e9n\u00e9rale des actionnaires de SFL.<\/p>\n<p>Le ratio d&#8217;\u00e9change et le prix de sortie ont \u00e9t\u00e9 d\u00e9termin\u00e9s sur la base d&#8217;une analyse multicrit\u00e8res conform\u00e9ment aux m\u00e9thodes d&#8217;\u00e9valuation commun\u00e9ment utilis\u00e9es.<\/p>\n<p>Morgan Stanley a d\u00e9livr\u00e9 une attestation d&#8217;\u00e9quit\u00e9 au conseil d&#8217;administration de Colonial, sur la base et sous r\u00e9serve des \u00e9l\u00e9ments, limitations et hypoth\u00e8ses qui y sont sp\u00e9cifi\u00e9s, qui consid\u00e8re le ratio d&#8217;\u00e9change et le prix de sortie, \u00e0 la date de cette attestation, comme raisonnables d&#8217;un point de vue financier pour Colonial et ses actionnaires.<\/p>\n<p>De son c\u00f4t\u00e9, le comit\u00e9 des administrateurs ind\u00e9pendants, conseill\u00e9 par Rotschild &amp; Co, a \u00e9mis un avis au conseil d&#8217;administration de SFL, qui consid\u00e8re que le rapport d&#8217;\u00e9change et le prix de sortie propos\u00e9s, \u00e0 la date de cet avis, sont raisonnables d&#8217;un point de vue financier pour SFL et ses actionnaires.<\/p>\n<p>La r\u00e9alisation du projet de fusion est soumise \u00e0 l&#8217;approbation des actionnaires de Colonial et de SFL lors des assembl\u00e9es g\u00e9n\u00e9rales, \u00e0 la confirmation par l&#8217;Autorit\u00e9 des March\u00e9s Financiers que Colonial n&#8217;est pas tenu de pr\u00e9senter une offre de retrait de la cote pour les actions SFL en vertu du droit fran\u00e7ais, ainsi qu&#8217;aux formalit\u00e9s sociales requises pour ce type d&#8217;op\u00e9ration.<\/p>\n<p>La soci\u00e9t\u00e9 catalane fait valoir que l&#8217;op\u00e9ration de fusion s&#8217;inscrit dans la strat\u00e9gie de simplification de la structure du groupe, dont l&#8217;un des axes \u00e9tait l&#8217;offre publique d&#8217;achat lanc\u00e9e par Colonial sur l&#8217;ensemble des actions de SFL en ao\u00fbt 2021. En outre, la fusion renforcera l&#8217;alignement entre les deux entreprises.<\/p>\n<p>Selon le socimi, les deux soci\u00e9t\u00e9s partagent depuis plus de 20 ans des \u00ab convictions fortes \u00bb sur la cr\u00e9ation de valeur \u00e0 long terme \u00e0 travers le d\u00e9veloppement de projets urbains dans des zones de premier plan, ainsi que la constitution d&#8217;un portefeuille mixte unique sur les march\u00e9s de Paris, Madrid et Barcelone. Colonial est l&#8217;actionnaire majoritaire de SFL depuis 2004.<\/p>\n<h3 class=\"wp-block-heading\">Nomination d&#8217;Aude Grant au poste de Directeur G\u00e9n\u00e9ral<\/h3>\n<p>En novembre dernier, le conseil d&#8217;administration de la Soci\u00e9t\u00e9 Fonci\u00e8re Lyonnaise (SFL) a annonc\u00e9 le remplacement de Dimitri Boulte par Aude Grant \u00e0 la direction g\u00e9n\u00e9rale de la soci\u00e9t\u00e9, afin de pr\u00e9parer la fusion-absorption.<\/p>\n<p>Le changement a pris effet le 21 d\u00e9cembre, date \u00e0 partir de laquelle la nouvelle directrice g\u00e9n\u00e9rale dirigera les travaux pr\u00e9paratoires de SFL en vue de la fusion potentielle, comme l&#8217;a indiqu\u00e9 Colonial \u00e0 la Commission espagnole des valeurs mobili\u00e8res et des changes (CNMV).<\/p>\n<p>Source : <a href=\"https:\/\/www.idealista.com\/news\/inmobiliario\/empresas\/2025\/03\/05\/835207-colonial-y-su-filial-francesa-sfl-aprueban-su-fusion\">Idealista<\/a><\/p>\n<div style=\"height:100px\" aria-hidden=\"true\" class=\"wp-block-spacer\"><\/div>\n<\/p>\n<p><\/span><\/span><\/p>\n","protected":false},"excerpt":{"rendered":"<p>Les conseils d&#8217;administration de Colonial et de la Soci\u00e9t\u00e9 Fonci\u00e8re Lyonnaise (SFL) ont approuv\u00e9 le projet de fusion conjointe entre Inmobiliaria Colonial, en tant que soci\u00e9t\u00e9 absorbante, et la Soci\u00e9t\u00e9 Fonci\u00e8re Lyonnaise, en tant que soci\u00e9t\u00e9 absorb\u00e9e. La fusion transfrontali\u00e8re intra-europ\u00e9enne entra\u00eenera l&#8217;extinction de SFL par sa dissolution sans liquidation et le transfert en bloc [&hellip;]<\/p>\n","protected":false},"author":13,"featured_media":65361,"comment_status":"open","ping_status":"closed","sticky":false,"template":"","format":"standard","meta":{"om_disable_all_campaigns":false,"_monsterinsights_skip_tracking":false,"_monsterinsights_sitenote_active":false,"_monsterinsights_sitenote_note":"","_monsterinsights_sitenote_category":0,"_uf_show_specific_survey":0,"_uf_disable_surveys":false,"footnotes":""},"categories":[212],"tags":[],"class_list":["post-66918","post","type-post","status-publish","format-standard","has-post-thumbnail","hentry","category-breaking-news"],"acf":[],"_links":{"self":[{"href":"https:\/\/immo.lecourrier.es\/index.php\/wp-json\/wp\/v2\/posts\/66918","targetHints":{"allow":["GET"]}}],"collection":[{"href":"https:\/\/immo.lecourrier.es\/index.php\/wp-json\/wp\/v2\/posts"}],"about":[{"href":"https:\/\/immo.lecourrier.es\/index.php\/wp-json\/wp\/v2\/types\/post"}],"author":[{"embeddable":true,"href":"https:\/\/immo.lecourrier.es\/index.php\/wp-json\/wp\/v2\/users\/13"}],"replies":[{"embeddable":true,"href":"https:\/\/immo.lecourrier.es\/index.php\/wp-json\/wp\/v2\/comments?post=66918"}],"version-history":[{"count":0,"href":"https:\/\/immo.lecourrier.es\/index.php\/wp-json\/wp\/v2\/posts\/66918\/revisions"}],"wp:featuredmedia":[{"embeddable":true,"href":"https:\/\/immo.lecourrier.es\/index.php\/wp-json\/wp\/v2\/media\/65361"}],"wp:attachment":[{"href":"https:\/\/immo.lecourrier.es\/index.php\/wp-json\/wp\/v2\/media?parent=66918"}],"wp:term":[{"taxonomy":"category","embeddable":true,"href":"https:\/\/immo.lecourrier.es\/index.php\/wp-json\/wp\/v2\/categories?post=66918"},{"taxonomy":"post_tag","embeddable":true,"href":"https:\/\/immo.lecourrier.es\/index.php\/wp-json\/wp\/v2\/tags?post=66918"}],"curies":[{"name":"wp","href":"https:\/\/api.w.org\/{rel}","templated":true}]}}