{"id":66916,"date":"2026-03-07T19:35:25","date_gmt":"2026-03-07T19:35:25","guid":{"rendered":"https:\/\/immo.lecourrier.es\/index.php\/2026\/03\/07\/lighthouse-achete-alcala-magna-pour-plus-de-90-millions-deuros\/"},"modified":"2026-04-24T00:15:52","modified_gmt":"2026-04-24T00:15:52","slug":"lighthouse-achete-alcala-magna-pour-plus-de-90-millions-deuros","status":"publish","type":"post","link":"https:\/\/immo.lecourrier.es\/index.php\/2026\/03\/07\/lighthouse-achete-alcala-magna-pour-plus-de-90-millions-deuros\/","title":{"rendered":"Lighthouse ach\u00e8te Alcal\u00e1 Magna pour plus de 90 millions d&#8217;euros"},"content":{"rendered":"<p><span dir=\"auto\" style=\"vertical-align: inherit\"><span dir=\"auto\" style=\"vertical-align: inherit\"><\/p>\n<p>Mouvements commerciaux dans le secteur du commerce de d\u00e9tail. Le fonds d&#8217;investissement Lighthouse, bas\u00e9 \u00e0 Malte et cot\u00e9 en Afrique du Sud, a achet\u00e9 le centre commercial Alcal\u00e1 Magna, situ\u00e9 dans le corridor de Henares \u00e0 Madrid, pour un prix de 96,3 millions d&#8217;euros et un rendement brut de 7,6 %, bien qu&#8217;il ait \u00e9t\u00e9 c\u00e9d\u00e9 pour 93 millions d&#8217;euros apr\u00e8s certains ajustements, rapporte Expansi\u00f3n.<\/p>\n<p>Jusqu&#8217;\u00e0 pr\u00e9sent, le centre appartenait \u00e0 Trajano, la soci\u00e9t\u00e9 d\u00e9tenue par les familles Moya-Yoldi, Alcaraz et Cosentino. Cot\u00e9e sur BME Growth, elle est g\u00e9r\u00e9e par DWS, la division immobili\u00e8re de la Deutsche Bank. Les actions de Trajano Iberia sont cot\u00e9es depuis juillet 2015 sur le Mercado Alternativo Burs\u00e1til (MAB), d\u00e9sormais BME Growth. Cette Socimi d\u00e9tient \u00e9galement le centre commercial Nosso Shopping Douro dans la ville portugaise de Vila Real. Cbre a conseill\u00e9 le vendeur en co-exclusivit\u00e9 avec JLL.<\/p>\n<p>Alcal\u00e1 Magna, situ\u00e9 dans l&#8217;une des principales zones r\u00e9sidentielles d&#8217;Alcal\u00e1 de Henares, \u00e0 c\u00f4t\u00e9 du corridor commercial de l&#8217;A-2, est l&#8217;un des plus grands centres commerciaux de la Communaut\u00e9 de Madrid. Avec une superficie de pr\u00e8s de 34 000 m\u00e8tres carr\u00e9s et 1 200 places de parking, il a \u00e9t\u00e9 construit en 2007 et r\u00e9nov\u00e9 en 2019. Le centre est enti\u00e8rement lou\u00e9 et compte parmi ses locataires Inditex, Mercadona, Primark, JD Sports, Primor et Normal.<\/p>\n<h3 class=\"wp-block-heading\">Trajan a achet\u00e9 ce centre \u00e0 Incus en 2017 pour environ 100 millions d&#8217;euros<\/h3>\n<p>L&#8217;ouverture de Primark en mars 2024 a contribu\u00e9 de mani\u00e8re significative \u00e0 une augmentation de la fr\u00e9quentation de 16,8 % en glissement annuel, atteignant 7 millions de visiteurs. Le revenu d&#8217;exploitation net attendu du centre commercial pour 2025 est sup\u00e9rieur de 17,5 % au revenu du centre au moment de l&#8217;acquisition.<\/p>\n<p>Trajano a achet\u00e9 ce centre \u00e0 Incus en 2017 pour environ 100 millions. En 2023, la soci\u00e9t\u00e9 a contract\u00e9 un pr\u00eat hypoth\u00e9caire syndiqu\u00e9 avec Santander et Banco Pichincha pour 49 millions et une \u00e9ch\u00e9ance de cinq ans, qui a \u00e9t\u00e9 enti\u00e8rement utilis\u00e9 pour rembourser le financement pr\u00e9c\u00e9dent.<\/p>\n<p>Selon les donn\u00e9es du cabinet de conseil Cbre, le secteur du commerce de d\u00e9tail a consolid\u00e9 sa position en 2024 en tant que troisi\u00e8me classe d&#8217;actifs en Espagne en termes de volume d&#8217;investissement, attirant 20 % du total. La r\u00e9activation de l&#8217;int\u00e9r\u00eat pour l&#8217;investissement dans le secteur du commerce de d\u00e9tail a entra\u00een\u00e9 une croissance notable du volume d&#8217;investissement, qui a atteint 2 800 millions d&#8217;euros l&#8217;ann\u00e9e derni\u00e8re.<\/p>\n<h3 class=\"wp-block-heading\">Le commerce de d\u00e9tail est la troisi\u00e8me classe d&#8217;actifs en termes de volume d&#8217;investissement, attirant 20 % du total<\/h3>\n<p>Ce chiffre repr\u00e9sente une augmentation de 135 % par rapport \u00e0 2023 et se rapproche de la moyenne des 10 derni\u00e8res ann\u00e9es, qui s&#8217;\u00e9l\u00e8ve \u00e0 2,9 milliards d&#8217;euros. Les centres commerciaux ont tir\u00e9 l&#8217;investissement dans le secteur, repr\u00e9sentant 65% du total. L&#8217;augmentation de la consommation priv\u00e9e et la stabilisation de l&#8217;inflation ont favoris\u00e9 un rebond de la confiance des consommateurs, ce qui s&#8217;est traduit par une augmentation des entr\u00e9es et une croissance annuelle de 4,7 % des ventes.<\/p>\n<p>Source : <a href=\"https:\/\/www.ejeprime.com\/comercial\/lighthouse-compra-alcala-magna-por-mas-de-90-millones-de-euros\">Ejeprime <\/a><\/p>\n<div style=\"height:100px\" aria-hidden=\"true\" class=\"wp-block-spacer\"><\/div>\n<\/p>\n<p><\/span><\/span><\/p>\n","protected":false},"excerpt":{"rendered":"<p>Mouvements commerciaux dans le secteur du commerce de d\u00e9tail. Le fonds d&#8217;investissement Lighthouse, bas\u00e9 \u00e0 Malte et cot\u00e9 en Afrique du Sud, a achet\u00e9 le centre commercial Alcal\u00e1 Magna, situ\u00e9 dans le corridor de Henares \u00e0 Madrid, pour un prix de 96,3 millions d&#8217;euros et un rendement brut de 7,6 %, bien qu&#8217;il ait \u00e9t\u00e9 [&hellip;]<\/p>\n","protected":false},"author":13,"featured_media":65365,"comment_status":"open","ping_status":"closed","sticky":false,"template":"","format":"standard","meta":{"om_disable_all_campaigns":false,"_monsterinsights_skip_tracking":false,"_monsterinsights_sitenote_active":false,"_monsterinsights_sitenote_note":"","_monsterinsights_sitenote_category":0,"_uf_show_specific_survey":0,"_uf_disable_surveys":false,"footnotes":""},"categories":[212,234],"tags":[],"class_list":["post-66916","post","type-post","status-publish","format-standard","has-post-thumbnail","hentry","category-breaking-news","category-logistique-retail"],"acf":[],"_links":{"self":[{"href":"https:\/\/immo.lecourrier.es\/index.php\/wp-json\/wp\/v2\/posts\/66916","targetHints":{"allow":["GET"]}}],"collection":[{"href":"https:\/\/immo.lecourrier.es\/index.php\/wp-json\/wp\/v2\/posts"}],"about":[{"href":"https:\/\/immo.lecourrier.es\/index.php\/wp-json\/wp\/v2\/types\/post"}],"author":[{"embeddable":true,"href":"https:\/\/immo.lecourrier.es\/index.php\/wp-json\/wp\/v2\/users\/13"}],"replies":[{"embeddable":true,"href":"https:\/\/immo.lecourrier.es\/index.php\/wp-json\/wp\/v2\/comments?post=66916"}],"version-history":[{"count":0,"href":"https:\/\/immo.lecourrier.es\/index.php\/wp-json\/wp\/v2\/posts\/66916\/revisions"}],"wp:featuredmedia":[{"embeddable":true,"href":"https:\/\/immo.lecourrier.es\/index.php\/wp-json\/wp\/v2\/media\/65365"}],"wp:attachment":[{"href":"https:\/\/immo.lecourrier.es\/index.php\/wp-json\/wp\/v2\/media?parent=66916"}],"wp:term":[{"taxonomy":"category","embeddable":true,"href":"https:\/\/immo.lecourrier.es\/index.php\/wp-json\/wp\/v2\/categories?post=66916"},{"taxonomy":"post_tag","embeddable":true,"href":"https:\/\/immo.lecourrier.es\/index.php\/wp-json\/wp\/v2\/tags?post=66916"}],"curies":[{"name":"wp","href":"https:\/\/api.w.org\/{rel}","templated":true}]}}