{"id":66588,"date":"2026-03-07T16:26:51","date_gmt":"2026-03-07T16:26:51","guid":{"rendered":"https:\/\/immo.lecourrier.es\/index.php\/2026\/03\/07\/madrid-pourrait-gagner-20-000-nouveaux-logements-si-les-bureaux-des-immeubles-residentiels-etaient-convertis\/"},"modified":"2026-04-23T21:05:12","modified_gmt":"2026-04-23T21:05:12","slug":"madrid-pourrait-gagner-20-000-nouveaux-logements-si-les-bureaux-des-immeubles-residentiels-etaient-convertis","status":"publish","type":"post","link":"https:\/\/immo.lecourrier.es\/index.php\/2026\/03\/07\/madrid-pourrait-gagner-20-000-nouveaux-logements-si-les-bureaux-des-immeubles-residentiels-etaient-convertis\/","title":{"rendered":"Madrid pourrait gagner 20 000 nouveaux logements si les bureaux des immeubles r\u00e9sidentiels \u00e9taient convertis."},"content":{"rendered":"<p><span dir=\"auto\" style=\"vertical-align: inherit\"><span dir=\"auto\" style=\"vertical-align: inherit\"><\/p>\n<p>L&#8217;Association espagnole des bureaux (AEO) estime que 1,5 million de m\u00e8tres carr\u00e9s de bureaux \u00e0 Madrid sont actuellement occup\u00e9s par des bureaux situ\u00e9s dans des immeubles r\u00e9sidentiels, l\u00e0 o\u00f9 seuls des logements devraient \u00eatre situ\u00e9s. Par cons\u00e9quent, la conversion de bureaux en appartements pourrait ajouter 20&nbsp;000 nouveaux logements \u00e0 la capitale.<\/p>\n<p>Lors d&#8217;une conf\u00e9rence de presse, le pr\u00e9sident de l&#8217;association, Jos\u00e9 Mar\u00eda \u00c1lvarez, a affirm\u00e9 que cette initiative de conversion permettrait de poursuivre la professionnalisation du secteur des bureaux, tout en contribuant \u00e0 att\u00e9nuer les tensions entre l&#8217;offre et la demande sur le march\u00e9 immobilier.<\/p>\n<p>Plus pr\u00e9cis\u00e9ment, il a estim\u00e9 qu&#8217;il y avait en moyenne 250&nbsp;000 m\u00e8tres carr\u00e9s de bureaux dans des immeubles r\u00e9sidentiels dans les principaux quartiers de Madrid, soit un peu plus qu&#8217;\u00e0 Barcelone, o\u00f9, selon lui, le probl\u00e8me est moins important, mais o\u00f9 de l&#8217;espace serait \u00e9galement lib\u00e9r\u00e9 pour ajouter des logements au march\u00e9.<\/p>\n<p>Le projet consiste \u00e0 convertir d&#8217;anciens bureaux situ\u00e9s dans les m\u00eames immeubles r\u00e9sidentiels en appartements afin d&#8217;augmenter l&#8217;offre, tout en d\u00e9pla\u00e7ant ces bureaux vers de nouveaux projets plus professionnels exclusivement d\u00e9di\u00e9s aux bureaux, en cours dans la capitale. Bien que le secteur des bureaux ne se soit pas encore totalement remis de la pand\u00e9mie de coronavirus, principalement en raison de l&#8217;essor du t\u00e9l\u00e9travail, \u00c1lvarez affirme qu&#8217;il est en bonne voie pour retrouver les niveaux de 2019, l&#8217;Espagne \u00e9tant, avec la France, le pays europ\u00e9en o\u00f9 il se redresse le plus.<\/p>\n<p>\u00ab On disait qu&#8217;ils allaient dispara\u00eetre, mais les bureaux ont ressuscit\u00e9. La ville restera le moteur de la croissance \u00e9conomique, et les bureaux restent les b\u00e2timents les plus embl\u00e9matiques des villes \u00bb, a affirm\u00e9 le dirigeant.<\/p>\n<p>\u00c1lvarez a soulign\u00e9 l&#8217;importance des bureaux pour revitaliser les espaces de travail en ville, o\u00f9 les gens travaillent, mais aussi se rencontrent et profitent des commodit\u00e9s du quartier, comme les restaurants.<\/p>\n<p>Pour toutes ces raisons, il a plaid\u00e9 en faveur de la professionnalisation du secteur, qui, selon lui, est soumis \u00e0 des exigences plus strictes que pour les autres actifs immobiliers, avec des certifications de durabilit\u00e9 et de confort qui, selon lui, rendent l&#8217;air des bureaux \u00ab encore meilleur que celui de la rue \u00bb.<\/p>\n<p>Source : <a href=\"https:\/\/www.idealista.com\/news\/inmobiliario\/vivienda\/2025\/09\/26\/861593-madrid-podria-sumar-20-000-nuevas-viviendas-si-se-convierten-las-oficinas-de-los\">Idealista<\/a><\/p>\n<p><\/span><\/span><\/p>\n","protected":false},"excerpt":{"rendered":"<p>L&#8217;Association espagnole des bureaux (AEO) estime que 1,5 million de m\u00e8tres carr\u00e9s de bureaux \u00e0 Madrid sont actuellement occup\u00e9s par des bureaux situ\u00e9s dans des immeubles r\u00e9sidentiels, l\u00e0 o\u00f9 seuls des logements devraient \u00eatre situ\u00e9s. Par cons\u00e9quent, la conversion de bureaux en appartements pourrait ajouter 20&nbsp;000 nouveaux logements \u00e0 la capitale. Lors d&#8217;une conf\u00e9rence de [&hellip;]<\/p>\n","protected":false},"author":13,"featured_media":66003,"comment_status":"open","ping_status":"closed","sticky":false,"template":"","format":"standard","meta":{"om_disable_all_campaigns":false,"_monsterinsights_skip_tracking":false,"_monsterinsights_sitenote_active":false,"_monsterinsights_sitenote_note":"","_monsterinsights_sitenote_category":0,"_uf_show_specific_survey":0,"_uf_disable_surveys":false,"footnotes":""},"categories":[212,4506],"tags":[],"class_list":["post-66588","post","type-post","status-publish","format-standard","has-post-thumbnail","hentry","category-breaking-news","category-projets-immo"],"acf":[],"_links":{"self":[{"href":"https:\/\/immo.lecourrier.es\/index.php\/wp-json\/wp\/v2\/posts\/66588","targetHints":{"allow":["GET"]}}],"collection":[{"href":"https:\/\/immo.lecourrier.es\/index.php\/wp-json\/wp\/v2\/posts"}],"about":[{"href":"https:\/\/immo.lecourrier.es\/index.php\/wp-json\/wp\/v2\/types\/post"}],"author":[{"embeddable":true,"href":"https:\/\/immo.lecourrier.es\/index.php\/wp-json\/wp\/v2\/users\/13"}],"replies":[{"embeddable":true,"href":"https:\/\/immo.lecourrier.es\/index.php\/wp-json\/wp\/v2\/comments?post=66588"}],"version-history":[{"count":0,"href":"https:\/\/immo.lecourrier.es\/index.php\/wp-json\/wp\/v2\/posts\/66588\/revisions"}],"wp:featuredmedia":[{"embeddable":true,"href":"https:\/\/immo.lecourrier.es\/index.php\/wp-json\/wp\/v2\/media\/66003"}],"wp:attachment":[{"href":"https:\/\/immo.lecourrier.es\/index.php\/wp-json\/wp\/v2\/media?parent=66588"}],"wp:term":[{"taxonomy":"category","embeddable":true,"href":"https:\/\/immo.lecourrier.es\/index.php\/wp-json\/wp\/v2\/categories?post=66588"},{"taxonomy":"post_tag","embeddable":true,"href":"https:\/\/immo.lecourrier.es\/index.php\/wp-json\/wp\/v2\/tags?post=66588"}],"curies":[{"name":"wp","href":"https:\/\/api.w.org\/{rel}","templated":true}]}}