{"id":66425,"date":"2026-03-07T14:06:12","date_gmt":"2026-03-07T14:06:12","guid":{"rendered":"https:\/\/immo.lecourrier.es\/index.php\/2026\/03\/07\/votre-avenir-en-espagne-commence-par-une-idee-la-residence-pour-les-entrepreneurs-2\/"},"modified":"2026-04-23T18:50:13","modified_gmt":"2026-04-23T18:50:13","slug":"votre-avenir-en-espagne-commence-par-une-idee-la-residence-pour-les-entrepreneurs-2","status":"publish","type":"post","link":"https:\/\/immo.lecourrier.es\/index.php\/2026\/03\/07\/votre-avenir-en-espagne-commence-par-une-idee-la-residence-pour-les-entrepreneurs-2\/","title":{"rendered":"Votre avenir en Espagne commence par une id\u00e9e\u00a0: la r\u00e9sidence pour les entrepreneurs."},"content":{"rendered":"<p><span dir=\"auto\" style=\"vertical-align: inherit\"><span dir=\"auto\" style=\"vertical-align: inherit\"><\/p>\n<p>Si vous \u00eates un entrepreneur \u00e9tranger ayant une id\u00e9e commerciale innovante, le gouvernement espagnol vous ouvre des portes exceptionnelles. Au-del\u00e0 des permis de travail classiques, il existe une voie directe et simplifi\u00e9e pour vous installer l\u00e9galement dans<br \/>le pays pendant que vous d\u00e9veloppez votre projet\u00a0: le permis de s\u00e9jour pour les entrepreneurs.<\/p>\n<p><strong>Une voie sp\u00e9cialis\u00e9e pour les projets \u00e0 fort potentiel.<\/strong><\/p>\n<p>Cette autorisation a \u00e9t\u00e9 con\u00e7ue pour attirer les talents et les projets qui ajoutent de la valeur\u00e0 l\u2019\u00e9conomie espagnole. Il ne s\u2019agit pas de trouver un emploi, mais de le cr\u00e9er.<\/p>\n<p>L\u2019un de ses principaux avantages est que l\u2019ensemble du processus est g\u00e9r\u00e9 par un organisme  sp\u00e9cifique et hautement qualifi\u00e9\u00a0: l\u2019Unit\u00e9 des Grandes Entreprises et des Groupes Strat\u00e9giques (UGE).<\/p>\n<p><strong>Quel type de projet est n\u00e9cessaire\u00a0?<\/strong><\/p>\n<p>L\u2019accent est mis sur la qualit\u00e9 et le caract\u00e8re novateur de l\u2019id\u00e9e\u00a0; votre projet doit \u00eatre consid\u00e9r\u00e9 comme ayant un \u00ab\u00a0int\u00e9r\u00eat \u00e9conomique particulier pour l\u2019Espagne\u00a0\u00bb. Pour ce faire, les aspects suivants sont \u00e9valu\u00e9s\u00a0:<br \/>-Le caract\u00e8re novateur de votre activit\u00e9.<br \/>-Votre profil professionnel et votre implication dans le projet.<br \/>-La cr\u00e9ation d\u2019emplois potentielle en Espagne.<br \/>-La valeur ajout\u00e9e pour l\u2019\u00e9conomie, la technologie ou l\u2019investissement.<\/p>\n<p><strong>Naviguez dans le processus avec des experts \u00e0 vos c\u00f4t\u00e9s.<\/strong><\/p>\n<p>Bien que la proc\u00e9dure aupr\u00e8s de l\u2019UGE soit con\u00e7ue pour \u00eatre efficace, elle exige une pr\u00e9paration d\u00e9taill\u00e9e du plan d\u2019affaires et une connaissance approfondie des crit\u00e8res d\u2019\u00e9valuation.<\/p>\n<p>Miguel Morillon<br \/>Avocat membre de l\u2019ordre de Madrid<br \/>MORILLON AVOCATS<br \/>Contact\u00a0: info@morillon.es<\/p>\n<p><\/span><\/span><\/p>\n","protected":false},"excerpt":{"rendered":"<p>Si vous \u00eates un entrepreneur \u00e9tranger ayant une id\u00e9e commerciale innovante, le gouvernement espagnol vous ouvre des portes exceptionnelles. Au-del\u00e0 des permis de travail classiques, il existe une voie directe et simplifi\u00e9e pour vous installer l\u00e9galement dansle pays pendant que vous d\u00e9veloppez votre projet\u00a0: le permis de s\u00e9jour pour les entrepreneurs. Une voie sp\u00e9cialis\u00e9e pour [&hellip;]<\/p>\n","protected":false},"author":13,"featured_media":66335,"comment_status":"open","ping_status":"closed","sticky":false,"template":"","format":"standard","meta":{"om_disable_all_campaigns":false,"_monsterinsights_skip_tracking":false,"_monsterinsights_sitenote_active":false,"_monsterinsights_sitenote_note":"","_monsterinsights_sitenote_category":0,"_uf_show_specific_survey":0,"_uf_disable_surveys":false,"footnotes":""},"categories":[4392],"tags":[4450,4451],"class_list":["post-66425","post","type-post","status-publish","format-standard","has-post-thumbnail","hentry","category-patrimoine","tag-entrepreneurs-en-espagne","tag-le-permis-de-sejour-pour-les-entrepreneurs"],"acf":[],"_links":{"self":[{"href":"https:\/\/immo.lecourrier.es\/index.php\/wp-json\/wp\/v2\/posts\/66425","targetHints":{"allow":["GET"]}}],"collection":[{"href":"https:\/\/immo.lecourrier.es\/index.php\/wp-json\/wp\/v2\/posts"}],"about":[{"href":"https:\/\/immo.lecourrier.es\/index.php\/wp-json\/wp\/v2\/types\/post"}],"author":[{"embeddable":true,"href":"https:\/\/immo.lecourrier.es\/index.php\/wp-json\/wp\/v2\/users\/13"}],"replies":[{"embeddable":true,"href":"https:\/\/immo.lecourrier.es\/index.php\/wp-json\/wp\/v2\/comments?post=66425"}],"version-history":[{"count":0,"href":"https:\/\/immo.lecourrier.es\/index.php\/wp-json\/wp\/v2\/posts\/66425\/revisions"}],"wp:featuredmedia":[{"embeddable":true,"href":"https:\/\/immo.lecourrier.es\/index.php\/wp-json\/wp\/v2\/media\/66335"}],"wp:attachment":[{"href":"https:\/\/immo.lecourrier.es\/index.php\/wp-json\/wp\/v2\/media?parent=66425"}],"wp:term":[{"taxonomy":"category","embeddable":true,"href":"https:\/\/immo.lecourrier.es\/index.php\/wp-json\/wp\/v2\/categories?post=66425"},{"taxonomy":"post_tag","embeddable":true,"href":"https:\/\/immo.lecourrier.es\/index.php\/wp-json\/wp\/v2\/tags?post=66425"}],"curies":[{"name":"wp","href":"https:\/\/api.w.org\/{rel}","templated":true}]}}