{"id":66409,"date":"2026-03-07T13:50:59","date_gmt":"2026-03-07T13:50:59","guid":{"rendered":"https:\/\/immo.lecourrier.es\/index.php\/2026\/03\/07\/bergami-inversiones-et-iberlink-capital-achetent-un-couvent-a-seville-pour-47-millions-deuros-afin-dy-creer-des-appartements-touristiques-2\/"},"modified":"2026-04-23T18:35:15","modified_gmt":"2026-04-23T18:35:15","slug":"bergami-inversiones-et-iberlink-capital-achetent-un-couvent-a-seville-pour-47-millions-deuros-afin-dy-creer-des-appartements-touristiques-2","status":"publish","type":"post","link":"https:\/\/immo.lecourrier.es\/index.php\/2026\/03\/07\/bergami-inversiones-et-iberlink-capital-achetent-un-couvent-a-seville-pour-47-millions-deuros-afin-dy-creer-des-appartements-touristiques-2\/","title":{"rendered":"Bergami Inversiones et Iberlink Capital ach\u00e8tent un couvent \u00e0 S\u00e9ville pour 4,7 millions d&#8217;euros afin d&#8217;y cr\u00e9er des appartements touristiques."},"content":{"rendered":"<p><span dir=\"auto\" style=\"vertical-align: inherit\"><span dir=\"auto\" style=\"vertical-align: inherit\"><\/p>\n<p><em>Le bien immobilier, d&#8217;une superficie constructible de 1 700 m\u00e8tres carr\u00e9s, sera r\u00e9nov\u00e9 gr\u00e2ce \u00e0 un investissement de 3,5 millions d&#8217;euros et pourrait atteindre une valeur de vente avoisinant les 11 millions d&#8217;euros.<\/em><\/p>\n<p>La congr\u00e9gation des Servantes de J\u00e9sus de la Clart\u00e9 a vendu un couvent situ\u00e9 dans la rue San Vicente \u00e0 S\u00e9ville pour 4,7 millions d&#8217;euros. Le b\u00e2timent, construit en 1970, a une superficie de 500 m\u00e8tres carr\u00e9s et une surface constructible de pr\u00e8s de 1 700 m2, selon plusieurs m\u00e9dias.<\/p>\n<p>Le bien immobilier a \u00e9t\u00e9 acquis par <a href=\"https:\/\/bergamigrupo.com\/\"><mark class=\"has-inline-color has-black-color\">Bergami Inversiones<\/mark><\/a>, qui agira en tant que gestionnaire de l&#8217;actif et prendra en charge 50 % de l&#8217;investissement. Le reste du capital sera apport\u00e9 par <a href=\"https:\/\/iberlinkcapital.com\/\"><mark class=\"has-inline-color has-black-color\">Iberlink Capital<\/mark><\/a>, avec un ticket de deux millions d&#8217;euros, et par un investisseur local. Le b\u00e2timent ne b\u00e9n\u00e9ficie d&#8217;aucune protection urbanistique, ce qui permet sa modification structurelle. Le projet pr\u00e9voit sa transformation en environ 30 appartements touristiques, d&#8217;une capacit\u00e9 de 112 places, ainsi que l&#8217;ajout d&#8217;une piscine et de terrasses communes.<\/p>\n<h2 class=\"wp-block-heading\"><strong>Investissement et pr\u00e9vision de rentabilit\u00e9<\/strong><\/h2>\n<p>La r\u00e9novation du b\u00e2timent aura un co\u00fbt estim\u00e9 \u00e0 3,5 millions d&#8217;euros, ce qui portera l&#8217;investissement total, entre l&#8217;achat et la r\u00e9novation, \u00e0 plus de huit millions d&#8217;euros. La strat\u00e9gie des investisseurs consiste \u00e0 revendre le bien une fois les travaux termin\u00e9s, dans un d\u00e9lai inf\u00e9rieur \u00e0 un an et demi. L&#8217;objectif est d&#8217;atteindre une valeur de cession proche de 11 millions d&#8217;euros, ce qui permettrait d&#8217;obtenir une rentabilit\u00e9 estim\u00e9e \u00e0 22 %.<\/p>\n<p>Selon les informations fournies par <em>El Confidencial<\/em>, le projet de transformation a d\u00e9j\u00e0 \u00e9t\u00e9 pr\u00e9sent\u00e9 \u00e0 la Direction de l&#8217;urbanisme et de l&#8217;environnement de la mairie de S\u00e9ville et devrait \u00eatre examin\u00e9 avant la fin du mois d&#8217;avril prochain.<\/p>\n<p>Le couvent est situ\u00e9 dans la rue San Vicente, \u00e0 c\u00f4t\u00e9 de la Plaza del Museo, dans le centre de S\u00e9ville. Le quartier est proche d&#8217;\u00e9quipements culturels et de monuments tels que le mus\u00e9e des Beaux-Arts de S\u00e9ville, le palais de la comtesse de Lebrija, le palais des Due\u00f1as, l&#8217;Institut andalou du patrimoine historique ou la cath\u00e9drale de S\u00e9ville.<\/p>\n<p>Source: <a href=\"https:\/\/brainsre.news\/bergami-iberlink-capital-compran-convento-sevilla\/\" id=\"https:\/\/brainsre.news\/bergami-iberlink-capital-compran-convento-sevilla\/\"><mark class=\"has-inline-color has-black-color\">BRAINSRE.NEWS<\/mark><\/a><\/p>\n<\/p>\n<p><\/span><\/span><\/p>\n","protected":false},"excerpt":{"rendered":"<p>Le bien immobilier, d&#8217;une superficie constructible de 1 700 m\u00e8tres carr\u00e9s, sera r\u00e9nov\u00e9 gr\u00e2ce \u00e0 un investissement de 3,5 millions d&#8217;euros et pourrait atteindre une valeur de vente avoisinant les 11 millions d&#8217;euros. La congr\u00e9gation des Servantes de J\u00e9sus de la Clart\u00e9 a vendu un couvent situ\u00e9 dans la rue San Vicente \u00e0 S\u00e9ville pour [&hellip;]<\/p>\n","protected":false},"author":13,"featured_media":66351,"comment_status":"open","ping_status":"closed","sticky":false,"template":"","format":"standard","meta":{"om_disable_all_campaigns":false,"_monsterinsights_skip_tracking":false,"_monsterinsights_sitenote_active":false,"_monsterinsights_sitenote_note":"","_monsterinsights_sitenote_category":0,"_uf_show_specific_survey":0,"_uf_disable_surveys":false,"footnotes":""},"categories":[212,4508,4506],"tags":[4127,4463,4464,4465,628],"class_list":["post-66409","post","type-post","status-publish","format-standard","has-post-thumbnail","hentry","category-breaking-news","category-mag-blogs-communaute","category-projets-immo","tag-appartements-touristiques","tag-bergami-inversiones","tag-iberlink-capital","tag-la-congregation-des-servantes-de-jesus-de-la-clarte","tag-seville"],"acf":[],"_links":{"self":[{"href":"https:\/\/immo.lecourrier.es\/index.php\/wp-json\/wp\/v2\/posts\/66409","targetHints":{"allow":["GET"]}}],"collection":[{"href":"https:\/\/immo.lecourrier.es\/index.php\/wp-json\/wp\/v2\/posts"}],"about":[{"href":"https:\/\/immo.lecourrier.es\/index.php\/wp-json\/wp\/v2\/types\/post"}],"author":[{"embeddable":true,"href":"https:\/\/immo.lecourrier.es\/index.php\/wp-json\/wp\/v2\/users\/13"}],"replies":[{"embeddable":true,"href":"https:\/\/immo.lecourrier.es\/index.php\/wp-json\/wp\/v2\/comments?post=66409"}],"version-history":[{"count":0,"href":"https:\/\/immo.lecourrier.es\/index.php\/wp-json\/wp\/v2\/posts\/66409\/revisions"}],"wp:featuredmedia":[{"embeddable":true,"href":"https:\/\/immo.lecourrier.es\/index.php\/wp-json\/wp\/v2\/media\/66351"}],"wp:attachment":[{"href":"https:\/\/immo.lecourrier.es\/index.php\/wp-json\/wp\/v2\/media?parent=66409"}],"wp:term":[{"taxonomy":"category","embeddable":true,"href":"https:\/\/immo.lecourrier.es\/index.php\/wp-json\/wp\/v2\/categories?post=66409"},{"taxonomy":"post_tag","embeddable":true,"href":"https:\/\/immo.lecourrier.es\/index.php\/wp-json\/wp\/v2\/tags?post=66409"}],"curies":[{"name":"wp","href":"https:\/\/api.w.org\/{rel}","templated":true}]}}