{"id":61560,"date":"2024-07-10T04:10:09","date_gmt":"2024-07-10T04:10:09","guid":{"rendered":"https:\/\/immo.lecourrier.es\/index.php\/2024\/07\/10\/riu-hotels-resorts-ouvrira-un-hotel-dans-ledifice-espagne-de-madrid\/"},"modified":"2026-03-03T07:47:23","modified_gmt":"2026-03-03T07:47:23","slug":"riu-hotels-resorts-ouvrira-un-hotel-dans-ledifice-espagne-de-madrid","status":"publish","type":"post","link":"https:\/\/immo.lecourrier.es\/index.php\/2024\/07\/10\/riu-hotels-resorts-ouvrira-un-hotel-dans-ledifice-espagne-de-madrid\/","title":{"rendered":"Riu Hotels &#038; Resorts ouvrira un h\u00f4tel dans l&rsquo;\u00c9difice Espagne de Madrid"},"content":{"rendered":"<p style=\"text-align: justify\">Cr\u00e9dits : wikipedia.org<\/p>\n<p style=\"text-align: justify\">Une joint-venture\u00a0vient d&rsquo;\u00eatre sign\u00e9e entre la cha\u00eene d&rsquo;h\u00f4tels\u00a0Riu Hotels &amp; Resorts et le Groupe Baraka de l&rsquo;homme d&rsquo;affaires espagnol Trinitario Casanova, \u00e0 la t\u00eate de l&rsquo;\u00c9difice Espagne de Madrid. L&rsquo;accord permettra \u00e0 Riu Hotels &amp; Resorts d&rsquo;\u00e9tablir un\u00a0h\u00f4tel\u00a0Riu Plaza \u00e0 l&rsquo;int\u00e9rieur du b\u00e2timent madril\u00e8ne. Le futur quatre \u00e9toiles sera compos\u00e9 de plus de 600 chambres et sera g\u00e9r\u00e9 par l&rsquo;entreprise Riu qui payera un loyer annuel \u00e0 hauteur de 15 millions d&rsquo;euros et assurera 25 % de l&rsquo;investissement pour le projet.<\/p>\n<p style=\"text-align: justify\">Il s&rsquo;agira du premier h\u00f4tel de la cha\u00eene en Espagne, apr\u00e8s l&rsquo;ouverture de six autres h\u00f4tels en Europe (Allemagne et Irlande), en Am\u00e9rique latine et aux Etats-Unis.<\/p>\n<p style=\"text-align: justify\">Trinitario Casanova avait fait l&rsquo;acquisition de l&rsquo;\u00c9difice Espagne en juillet dernier apr\u00e8s l&rsquo;avoir rachet\u00e9 \u00e0 l&rsquo;entreprise chinoise Wanda Group pour 272 millions d&rsquo;euros. L&rsquo;entreprise am\u00e9ricaine Hard Rock \u00e9tait d&rsquo;abord pressentit pour investir les lieux avant la proposition de l&rsquo;entreprise domicili\u00e9e aux Bal\u00e9ares qui a fait pencher la balance en sa faveur en l&rsquo;espace de quelques mois seulement.<\/p>\n","protected":false},"excerpt":{"rendered":"<p>Cr\u00e9dits : wikipedia.org Une joint-venture\u00a0vient d&rsquo;\u00eatre sign\u00e9e entre la cha\u00eene d&rsquo;h\u00f4tels\u00a0Riu Hotels &amp; Resorts et le Groupe Baraka de l&rsquo;homme d&rsquo;affaires espagnol Trinitario Casanova, \u00e0 la t\u00eate de l&rsquo;\u00c9difice Espagne de Madrid. L&rsquo;accord permettra \u00e0 Riu Hotels &amp; Resorts d&rsquo;\u00e9tablir un\u00a0h\u00f4tel\u00a0Riu Plaza \u00e0 l&rsquo;int\u00e9rieur du b\u00e2timent madril\u00e8ne. Le futur quatre \u00e9toiles sera compos\u00e9 de plus [&hellip;]<\/p>\n","protected":false},"author":462,"featured_media":40530,"comment_status":"open","ping_status":"closed","sticky":false,"template":"","format":"standard","meta":{"om_disable_all_campaigns":false,"_monsterinsights_skip_tracking":false,"_monsterinsights_sitenote_active":false,"_monsterinsights_sitenote_note":"","_monsterinsights_sitenote_category":0,"_uf_show_specific_survey":0,"_uf_disable_surveys":false,"footnotes":""},"categories":[212],"tags":[384,362],"class_list":["post-61560","post","type-post","status-publish","format-standard","has-post-thumbnail","hentry","category-breaking-news","tag-business","tag-immobilier-espagne"],"acf":[],"_links":{"self":[{"href":"https:\/\/immo.lecourrier.es\/index.php\/wp-json\/wp\/v2\/posts\/61560","targetHints":{"allow":["GET"]}}],"collection":[{"href":"https:\/\/immo.lecourrier.es\/index.php\/wp-json\/wp\/v2\/posts"}],"about":[{"href":"https:\/\/immo.lecourrier.es\/index.php\/wp-json\/wp\/v2\/types\/post"}],"author":[{"embeddable":true,"href":"https:\/\/immo.lecourrier.es\/index.php\/wp-json\/wp\/v2\/users\/462"}],"replies":[{"embeddable":true,"href":"https:\/\/immo.lecourrier.es\/index.php\/wp-json\/wp\/v2\/comments?post=61560"}],"version-history":[{"count":0,"href":"https:\/\/immo.lecourrier.es\/index.php\/wp-json\/wp\/v2\/posts\/61560\/revisions"}],"wp:featuredmedia":[{"embeddable":true,"href":"https:\/\/immo.lecourrier.es\/index.php\/wp-json\/wp\/v2\/media\/40530"}],"wp:attachment":[{"href":"https:\/\/immo.lecourrier.es\/index.php\/wp-json\/wp\/v2\/media?parent=61560"}],"wp:term":[{"taxonomy":"category","embeddable":true,"href":"https:\/\/immo.lecourrier.es\/index.php\/wp-json\/wp\/v2\/categories?post=61560"},{"taxonomy":"post_tag","embeddable":true,"href":"https:\/\/immo.lecourrier.es\/index.php\/wp-json\/wp\/v2\/tags?post=61560"}],"curies":[{"name":"wp","href":"https:\/\/api.w.org\/{rel}","templated":true}]}}