{"id":61558,"date":"2024-07-10T04:05:16","date_gmt":"2024-07-10T04:05:16","guid":{"rendered":"https:\/\/immo.lecourrier.es\/index.php\/2024\/07\/10\/la-tour-agbar-de-barcelone-rachetee-pour-142-millions-deuros\/"},"modified":"2026-03-03T07:47:15","modified_gmt":"2026-03-03T07:47:15","slug":"la-tour-agbar-de-barcelone-rachetee-pour-142-millions-deuros","status":"publish","type":"post","link":"https:\/\/immo.lecourrier.es\/index.php\/2024\/07\/10\/la-tour-agbar-de-barcelone-rachetee-pour-142-millions-deuros\/","title":{"rendered":"La Tour Agbar de Barcelone rachet\u00e9e pour 142 millions d&rsquo;euros"},"content":{"rendered":"<p>Cr\u00e9dits : barcelonatourisme.com<\/p>\n<p>L&rsquo;entreprise Merlin Properties a fait l&rsquo;acquisition de la Tour Agbar en la rachetant \u00e0 la Compagnie G\u00e9n\u00e9rale des Eaux de Barcelone\u00a0pour 142 millions d&rsquo;euros. Bien qu&rsquo;il avait \u00e9t\u00e9 annonc\u00e9 en 2013 qu&rsquo;elle serait transform\u00e9e en h\u00f4tel de luxe et g\u00e9r\u00e9e par le groupe Hyatt, le projet n&rsquo;a finalement pas abouti. Le b\u00e2timent est \u00e0 pr\u00e9sent entre les mains de Merlin Properties qui a pr\u00e9vu d&rsquo;investir pr\u00e8s de 15 millions d&rsquo;euros afin d&rsquo;y installer des bureaux, apr\u00e8s avoir soulign\u00e9\u00a0les difficult\u00e9s techniques du gratte-ciel qui l&#8217;emp\u00eachent de le\u00a0transformer en h\u00f4tel.<\/p>\n<p>La Tour Agbar compte une superficie brute de plus de 37 000 m\u00e8tres carr\u00e9s\u00a0r\u00e9partis sur 34 \u00e9tages et dispose d&rsquo;un auditorium d&rsquo;une capacit\u00e9 de plus de 350 personnes. En ajoutant ses quatre \u00e9tages de stationnement, elle totalise plus de 51 000 m\u00e8tres carr\u00e9s, de quoi plaire aux grands investisseurs.<\/p>\n<p>Dessin\u00e9e par l&rsquo;architecte fran\u00e7ais Jean Nouvel et inaugur\u00e9e en 2005, elle est devenue l&rsquo;un des symboles de Barcelone et se situe en plein c\u0153ur du quartier technologique de la ville.<\/p>\n","protected":false},"excerpt":{"rendered":"<p>Cr\u00e9dits : barcelonatourisme.com L&rsquo;entreprise Merlin Properties a fait l&rsquo;acquisition de la Tour Agbar en la rachetant \u00e0 la Compagnie G\u00e9n\u00e9rale des Eaux de Barcelone\u00a0pour 142 millions d&rsquo;euros. Bien qu&rsquo;il avait \u00e9t\u00e9 annonc\u00e9 en 2013 qu&rsquo;elle serait transform\u00e9e en h\u00f4tel de luxe et g\u00e9r\u00e9e par le groupe Hyatt, le projet n&rsquo;a finalement pas abouti. Le b\u00e2timent [&hellip;]<\/p>\n","protected":false},"author":462,"featured_media":40521,"comment_status":"open","ping_status":"closed","sticky":false,"template":"","format":"standard","meta":{"om_disable_all_campaigns":false,"_monsterinsights_skip_tracking":false,"_monsterinsights_sitenote_active":false,"_monsterinsights_sitenote_note":"","_monsterinsights_sitenote_category":0,"_uf_show_specific_survey":0,"_uf_disable_surveys":false,"footnotes":""},"categories":[212],"tags":[1018,362,2778],"class_list":["post-61558","post","type-post","status-publish","format-standard","has-post-thumbnail","hentry","category-breaking-news","tag-immobilier-barcelone","tag-immobilier-espagne","tag-tour-agbar"],"acf":[],"_links":{"self":[{"href":"https:\/\/immo.lecourrier.es\/index.php\/wp-json\/wp\/v2\/posts\/61558","targetHints":{"allow":["GET"]}}],"collection":[{"href":"https:\/\/immo.lecourrier.es\/index.php\/wp-json\/wp\/v2\/posts"}],"about":[{"href":"https:\/\/immo.lecourrier.es\/index.php\/wp-json\/wp\/v2\/types\/post"}],"author":[{"embeddable":true,"href":"https:\/\/immo.lecourrier.es\/index.php\/wp-json\/wp\/v2\/users\/462"}],"replies":[{"embeddable":true,"href":"https:\/\/immo.lecourrier.es\/index.php\/wp-json\/wp\/v2\/comments?post=61558"}],"version-history":[{"count":0,"href":"https:\/\/immo.lecourrier.es\/index.php\/wp-json\/wp\/v2\/posts\/61558\/revisions"}],"wp:featuredmedia":[{"embeddable":true,"href":"https:\/\/immo.lecourrier.es\/index.php\/wp-json\/wp\/v2\/media\/40521"}],"wp:attachment":[{"href":"https:\/\/immo.lecourrier.es\/index.php\/wp-json\/wp\/v2\/media?parent=61558"}],"wp:term":[{"taxonomy":"category","embeddable":true,"href":"https:\/\/immo.lecourrier.es\/index.php\/wp-json\/wp\/v2\/categories?post=61558"},{"taxonomy":"post_tag","embeddable":true,"href":"https:\/\/immo.lecourrier.es\/index.php\/wp-json\/wp\/v2\/tags?post=61558"}],"curies":[{"name":"wp","href":"https:\/\/api.w.org\/{rel}","templated":true}]}}