{"id":61514,"date":"2024-07-09T22:10:12","date_gmt":"2024-07-09T22:10:12","guid":{"rendered":"https:\/\/immo.lecourrier.es\/index.php\/2024\/07\/09\/la-generalitat-vend-33-300-m2-de-parc-logistique\/"},"modified":"2026-03-03T01:50:37","modified_gmt":"2026-03-03T01:50:37","slug":"la-generalitat-vend-33-300-m2-de-parc-logistique","status":"publish","type":"post","link":"https:\/\/immo.lecourrier.es\/index.php\/2024\/07\/09\/la-generalitat-vend-33-300-m2-de-parc-logistique\/","title":{"rendered":"La Generalitat vend 33.300 m2 de parc logistique"},"content":{"rendered":"<h5>Selon une note de presse\u00a0 de EIGE (Enetidad de Infrasestructuras de la Generalitat), l&rsquo;entit\u00e9 mettra en vente un parc logistique de 33.300 m2 correspondant \u00e0 des activit\u00e9s de logistiques.<\/h5>\n<p>Le taux d&rsquo;occupation serait de 80% et les pr\u00e9visions parlent de 90%. Il s&rsquo;agit du parc logistique de Valence.<\/p>\n<p>Vous trouverez plus d&rsquo;info en Espagnol sur cette opportunit\u00e9 sur\u00a0https:\/\/lecourrier.es\/eige-sacara-a-concurso-publico-la-venta-de-33-300-metros-cuadrados-en-el-parque-logistico-de-valencia\/<\/p>\n<p>LCE<\/p>\n","protected":false},"excerpt":{"rendered":"<p>Selon une note de presse\u00a0 de EIGE (Enetidad de Infrasestructuras de la Generalitat), l&rsquo;entit\u00e9 mettra en vente un parc logistique de 33.300 m2 correspondant \u00e0 des activit\u00e9s de logistiques. Le taux d&rsquo;occupation serait de 80% et les pr\u00e9visions parlent de 90%. Il s&rsquo;agit du parc logistique de Valence. Vous trouverez plus d&rsquo;info en Espagnol sur [&hellip;]<\/p>\n","protected":false},"author":462,"featured_media":39143,"comment_status":"open","ping_status":"closed","sticky":false,"template":"","format":"standard","meta":{"om_disable_all_campaigns":false,"_monsterinsights_skip_tracking":false,"_monsterinsights_sitenote_active":false,"_monsterinsights_sitenote_note":"","_monsterinsights_sitenote_category":0,"_uf_show_specific_survey":0,"_uf_disable_surveys":false,"footnotes":""},"categories":[212,234],"tags":[],"class_list":["post-61514","post","type-post","status-publish","format-standard","has-post-thumbnail","hentry","category-breaking-news","category-logistique-retail"],"acf":[],"_links":{"self":[{"href":"https:\/\/immo.lecourrier.es\/index.php\/wp-json\/wp\/v2\/posts\/61514","targetHints":{"allow":["GET"]}}],"collection":[{"href":"https:\/\/immo.lecourrier.es\/index.php\/wp-json\/wp\/v2\/posts"}],"about":[{"href":"https:\/\/immo.lecourrier.es\/index.php\/wp-json\/wp\/v2\/types\/post"}],"author":[{"embeddable":true,"href":"https:\/\/immo.lecourrier.es\/index.php\/wp-json\/wp\/v2\/users\/462"}],"replies":[{"embeddable":true,"href":"https:\/\/immo.lecourrier.es\/index.php\/wp-json\/wp\/v2\/comments?post=61514"}],"version-history":[{"count":0,"href":"https:\/\/immo.lecourrier.es\/index.php\/wp-json\/wp\/v2\/posts\/61514\/revisions"}],"wp:featuredmedia":[{"embeddable":true,"href":"https:\/\/immo.lecourrier.es\/index.php\/wp-json\/wp\/v2\/media\/39143"}],"wp:attachment":[{"href":"https:\/\/immo.lecourrier.es\/index.php\/wp-json\/wp\/v2\/media?parent=61514"}],"wp:term":[{"taxonomy":"category","embeddable":true,"href":"https:\/\/immo.lecourrier.es\/index.php\/wp-json\/wp\/v2\/categories?post=61514"},{"taxonomy":"post_tag","embeddable":true,"href":"https:\/\/immo.lecourrier.es\/index.php\/wp-json\/wp\/v2\/tags?post=61514"}],"curies":[{"name":"wp","href":"https:\/\/api.w.org\/{rel}","templated":true}]}}