{"id":61335,"date":"2024-07-09T08:30:11","date_gmt":"2024-07-09T08:30:11","guid":{"rendered":"https:\/\/immo.lecourrier.es\/index.php\/2024\/07\/09\/air-europa-ouvre-la-route-vers-sa-troisieme-destination-en-republique-dominicaine\/"},"modified":"2026-03-05T06:41:19","modified_gmt":"2026-03-05T06:41:19","slug":"air-europa-ouvre-la-route-vers-sa-troisieme-destination-en-republique-dominicaine","status":"publish","type":"post","link":"https:\/\/immo.lecourrier.es\/index.php\/2024\/07\/09\/air-europa-ouvre-la-route-vers-sa-troisieme-destination-en-republique-dominicaine\/","title":{"rendered":"Air Europa ouvre la route vers sa troisi\u00e8me destination en R\u00e9publique Dominicaine"},"content":{"rendered":"<p>La compagnie a\u00e9rienne de Globalia \u00e9tend son r\u00e9seau dans le pays carib\u00e9en avec 2 fr\u00e9quences par semaine<\/p>\n<p>Air Europa renforce son engagement envers la R\u00e9publique Dominicaine en lan\u00e7ant, d\u00e8s demain, une nouvelle destination : Santiago de los Caballeros. Avec cette nouvelle route, la compagnie proposera jusqu&rsquo;\u00e0 14 fr\u00e9quences par semaine entre l&rsquo;Espagne et le pays carib\u00e9en.<\/p>\n<p>Jamais 2 sans 3, Air Europa se dirigera demain vers une nouvelle destination, la 3e en R\u00e9publique Dominicaine, et la 2e ville la plus importante du pays : Santiago de los Caballeros.<\/p>\n<p>La compagnie proposera 2 services hebdomadaires, les jeudis et les samedis, depuis l&rsquo;a\u00e9roport de Madrid-Barajas vers celui de Cibao, qui viendront s&rsquo;ajouter \u00e0 la fr\u00e9quence quotidienne vers Saint-Domingue et aux 5 vols hebdomadaires op\u00e9r\u00e9s vers Punta Cana.<\/p>\n<p>Santiago de los Caballeros est une ville de l&rsquo;int\u00e9rieur de la R\u00e9publique Dominicaine, la 3e la plus peupl\u00e9e des Cara\u00efbes. Air Europa d\u00e9collera les jeudis \u00e0 15h de l&rsquo;a\u00e9roport de Madrid-Barajas, pour arriver \u00e0 17h40 \u00e0 l&rsquo;a\u00e9roport de Cibao. Au retour, les samedis, le d\u00e9part se fera depuis Santiago de los Caballeros \u00e0 22h05 et l&rsquo;atterrissage \u00e0 Madrid aura lieu \u00e0 12h20 le jour suivant.<\/p>\n<p>En Am\u00e9rique, en plus de l&rsquo;ouverture de la nouvelle route vers Santiago de los Caballeros, la compagnie a augment\u00e9 \u00e0 5 les fr\u00e9quences hebdomadaires avec Caracas et Asunci\u00f3n, et a d\u00e9j\u00e0 atteint 6 vols hebdomadaires vers Medell\u00edn et Panama depuis l&rsquo;a\u00e9roport madril\u00e8ne.<\/p>\n<p>De plus, pour cet \u00e9t\u00e9, Air Europa a programm\u00e9 son offre la plus compl\u00e8te, augmentant \u00e0 plus de 8,5 millions le nombre de si\u00e8ges disponibles pour voyager vers toutes ses destinations en Espagne, dans le reste de l&rsquo;Europe, en Am\u00e9rique et en Afrique du Nord, soit 4% de plus que pendant la saison estivale de 2023.<\/p>\n<p>Source :<a href=\"https:\/\/www.hosteltur.com\/164263_air-europa-abre-manana-la-ruta-a-su-tercer-destino-en-republica-dominicana.html\"> Hosteltur<\/a><\/p>\n<div style=\"height:100px\" aria-hidden=\"true\" class=\"wp-block-spacer\"><\/div><\/p>\n","protected":false},"excerpt":{"rendered":"<p>La compagnie a\u00e9rienne de Globalia \u00e9tend son r\u00e9seau dans le pays carib\u00e9en avec 2 fr\u00e9quences par semaine Air Europa renforce son engagement envers la R\u00e9publique Dominicaine en lan\u00e7ant, d\u00e8s demain, une nouvelle destination : Santiago de los Caballeros. Avec cette nouvelle route, la compagnie proposera jusqu&rsquo;\u00e0 14 fr\u00e9quences par semaine entre l&rsquo;Espagne et le pays [&hellip;]<\/p>\n","protected":false},"author":462,"featured_media":61337,"comment_status":"open","ping_status":"closed","sticky":false,"template":"","format":"standard","meta":{"om_disable_all_campaigns":false,"_monsterinsights_skip_tracking":false,"_monsterinsights_sitenote_active":false,"_monsterinsights_sitenote_note":"","_monsterinsights_sitenote_category":0,"_uf_show_specific_survey":0,"_uf_disable_surveys":false,"footnotes":""},"categories":[241],"tags":[],"class_list":["post-61335","post","type-post","status-publish","format-standard","has-post-thumbnail","hentry","category-magazines-blogs"],"acf":[],"_links":{"self":[{"href":"https:\/\/immo.lecourrier.es\/index.php\/wp-json\/wp\/v2\/posts\/61335","targetHints":{"allow":["GET"]}}],"collection":[{"href":"https:\/\/immo.lecourrier.es\/index.php\/wp-json\/wp\/v2\/posts"}],"about":[{"href":"https:\/\/immo.lecourrier.es\/index.php\/wp-json\/wp\/v2\/types\/post"}],"author":[{"embeddable":true,"href":"https:\/\/immo.lecourrier.es\/index.php\/wp-json\/wp\/v2\/users\/462"}],"replies":[{"embeddable":true,"href":"https:\/\/immo.lecourrier.es\/index.php\/wp-json\/wp\/v2\/comments?post=61335"}],"version-history":[{"count":0,"href":"https:\/\/immo.lecourrier.es\/index.php\/wp-json\/wp\/v2\/posts\/61335\/revisions"}],"wp:featuredmedia":[{"embeddable":true,"href":"https:\/\/immo.lecourrier.es\/index.php\/wp-json\/wp\/v2\/media\/61337"}],"wp:attachment":[{"href":"https:\/\/immo.lecourrier.es\/index.php\/wp-json\/wp\/v2\/media?parent=61335"}],"wp:term":[{"taxonomy":"category","embeddable":true,"href":"https:\/\/immo.lecourrier.es\/index.php\/wp-json\/wp\/v2\/categories?post=61335"},{"taxonomy":"post_tag","embeddable":true,"href":"https:\/\/immo.lecourrier.es\/index.php\/wp-json\/wp\/v2\/tags?post=61335"}],"curies":[{"name":"wp","href":"https:\/\/api.w.org\/{rel}","templated":true}]}}