{"id":61316,"date":"2024-07-08T14:30:18","date_gmt":"2024-07-08T14:30:18","guid":{"rendered":"https:\/\/immo.lecourrier.es\/index.php\/2024\/07\/08\/paradores-enregistre-son-meilleur-ete-en-15-ans-en-occupation-et-en-ventes\/"},"modified":"2026-03-01T16:57:19","modified_gmt":"2026-03-01T16:57:19","slug":"paradores-enregistre-son-meilleur-ete-en-15-ans-en-occupation-et-en-ventes","status":"publish","type":"post","link":"https:\/\/immo.lecourrier.es\/index.php\/2024\/07\/08\/paradores-enregistre-son-meilleur-ete-en-15-ans-en-occupation-et-en-ventes\/","title":{"rendered":"Paradores enregistre son meilleur \u00e9t\u00e9 en 15 ans en occupation et en ventes"},"content":{"rendered":"<h4 class=\"long\"><strong>Paradores a cl\u00f4tur\u00e9 les mois de juillet et ao\u00fbt avec les meilleures donn\u00e9es d&rsquo;occupation et de ventes des quinze derni\u00e8res ann\u00e9es, avec un taux d&rsquo;occupation moyen de 84,6% et un total de 306 863 chambres vendues et il est d\u00e9j\u00e0 avanc\u00e9 que ces donn\u00e9es estivales positives se poursuivront en septembre, maintenant que les pr\u00e9visions de r\u00e9serves pour ce mois sont d\u00e9j\u00e0 sup\u00e9rieures de 18% \u00e0 celles de l&rsquo;an dernier. En ao\u00fbt, mois par excellence des vacances, Paradores \u00e9tait presque plein, avec un taux d&rsquo;occupation de 90,2 % qui atteignait 95 % le week-end, selon la cha\u00eene h\u00f4teli\u00e8re publique.<\/strong><\/h4>\n<p>02\/09\/21<\/p>\n<p><span class=\"times-dropcap\">A<\/span>insi, en ce deuxi\u00e8me \u00e9t\u00e9 de la pand\u00e9mie, Paradores a enregistr\u00e9 des hausses de 11% des chambres vendues et de 7,4% du taux d&rsquo;occupation par rapport aux mois de juillet et ao\u00fbt 2020.En ce sens, la soci\u00e9t\u00e9 rappelle que ses meilleures donn\u00e9es d&rsquo;occupation moyenne \u00e0 ce jour correspondaient aux mois de juillet et ao\u00fbt 2006, lorsque le pourcentage d&rsquo;occupation s&rsquo;\u00e9levait \u00e0 82,6 %.<\/p>\n<p>De m\u00eame, le plus grand nombre de chambres vendues jusqu&rsquo;\u00e0 cette ann\u00e9e correspondait \u00e0 l&rsquo;\u00e9t\u00e9 2017 (289\u00a0827), alors que le pr\u00e9c\u00e9dent record d&rsquo;occupation en ao\u00fbt avait \u00e9t\u00e9 \u00e9tabli en 2006 (88,3 %)<\/p>\n<p>La saison estivale a \u00e9t\u00e9 \u00e0 nouveau marqu\u00e9e par la chute du tourisme \u00e9tranger et le poids plus important du voyageur national, souligne la compagnie, qui d\u00e9taille un facteur expliquant la forte fr\u00e9quentation : \u00ab\u00a0le processus de vaccination intense et efficace v\u00e9cu dans notre pays\u00a0\u00bb.<\/p>\n<p>\u00ab\u00a0Le fait que la plupart des \u00e9tablissements soient situ\u00e9s dans des endroits recul\u00e9s, loin du tourisme de masse, ainsi que la taille de leurs h\u00f4tels -presque tous moyens ou petits-, facilite une mise en \u0153uvre rigoureuse des contr\u00f4les de s\u00e9curit\u00e9 et d&rsquo;hygi\u00e8ne pour en faire le touriste le plus s\u00fbr endroit pour passer les vacances \u00bb, pr\u00e9cisent-ils depuis l&rsquo;h\u00f4tel.<\/p>\n<p>\u00ab Nous avons opt\u00e9 pour un mod\u00e8le de tourisme durable \u00e0 haute valeur ajout\u00e9e, qui accorde une grande importance aux aspects culturels et naturels, en diversifiant notre offre et en cr\u00e9ant des produits touristiques durables, tout en devenant un moteur de promotion du tourisme en milieu rural et int\u00e9rieur \u00bb, explique le pr\u00e9sident de la cha\u00eene h\u00f4teli\u00e8re publique, Pedro Saura<\/p>\n<h6><strong>Perspectives<\/strong><\/h6>\n<p>Dans l&rsquo;imm\u00e9diat, Paradores pr\u00e9voit que ces bonnes donn\u00e9es de juillet et ao\u00fbt se poursuivront en septembre, puisque les pr\u00e9visions de r\u00e9serves pour ce mois sont d\u00e9j\u00e0 sup\u00e9rieures de 18% \u00e0 celles de l&rsquo;ann\u00e9e derni\u00e8re.<\/p>\n<p>\u00ab Chez Paradores, nous affrontons le dernier trimestre 2021 avec optimisme et prudence, car nous pensons qu&rsquo;il est temps pour le tourisme culturel de conna\u00eetre le patrimoine de notre pays \u00bb, ajoute Saura.<\/p>\n<p>En ce sens, le pr\u00e9sident de la cha\u00eene publique rappelle qu&rsquo;ils \u0153uvrent \u00e0 la consolidation d&rsquo;un mod\u00e8le par lequel \u00ab de plus en plus de visiteurs s&rsquo;engagent pour un tourisme de qualit\u00e9 \u00e0 tout moment de l&rsquo;ann\u00e9e \u00bb<\/p>\n<p>Source : <a href=\"https:\/\/www.hosteltur.com\/146370_paradores-registra-su-mejor-verano-en-15-anos-en-ocupacion-y-ventas.html\">Hosteltur<\/a><\/p>\n","protected":false},"excerpt":{"rendered":"<p>Paradores a cl\u00f4tur\u00e9 les mois de juillet et ao\u00fbt avec les meilleures donn\u00e9es d&rsquo;occupation et de ventes des quinze derni\u00e8res ann\u00e9es, avec un taux d&rsquo;occupation moyen de 84,6% et un total de 306 863 chambres vendues et il est d\u00e9j\u00e0 avanc\u00e9 que ces donn\u00e9es estivales positives se poursuivront en septembre, maintenant que les pr\u00e9visions de [&hellip;]<\/p>\n","protected":false},"author":462,"featured_media":25904,"comment_status":"open","ping_status":"closed","sticky":false,"template":"","format":"standard","meta":{"om_disable_all_campaigns":false,"_monsterinsights_skip_tracking":false,"_monsterinsights_sitenote_active":false,"_monsterinsights_sitenote_note":"","_monsterinsights_sitenote_category":0,"_uf_show_specific_survey":0,"_uf_disable_surveys":false,"footnotes":""},"categories":[212],"tags":[],"class_list":["post-61316","post","type-post","status-publish","format-standard","has-post-thumbnail","hentry","category-breaking-news"],"acf":[],"_links":{"self":[{"href":"https:\/\/immo.lecourrier.es\/index.php\/wp-json\/wp\/v2\/posts\/61316","targetHints":{"allow":["GET"]}}],"collection":[{"href":"https:\/\/immo.lecourrier.es\/index.php\/wp-json\/wp\/v2\/posts"}],"about":[{"href":"https:\/\/immo.lecourrier.es\/index.php\/wp-json\/wp\/v2\/types\/post"}],"author":[{"embeddable":true,"href":"https:\/\/immo.lecourrier.es\/index.php\/wp-json\/wp\/v2\/users\/462"}],"replies":[{"embeddable":true,"href":"https:\/\/immo.lecourrier.es\/index.php\/wp-json\/wp\/v2\/comments?post=61316"}],"version-history":[{"count":0,"href":"https:\/\/immo.lecourrier.es\/index.php\/wp-json\/wp\/v2\/posts\/61316\/revisions"}],"wp:featuredmedia":[{"embeddable":true,"href":"https:\/\/immo.lecourrier.es\/index.php\/wp-json\/wp\/v2\/media\/25904"}],"wp:attachment":[{"href":"https:\/\/immo.lecourrier.es\/index.php\/wp-json\/wp\/v2\/media?parent=61316"}],"wp:term":[{"taxonomy":"category","embeddable":true,"href":"https:\/\/immo.lecourrier.es\/index.php\/wp-json\/wp\/v2\/categories?post=61316"},{"taxonomy":"post_tag","embeddable":true,"href":"https:\/\/immo.lecourrier.es\/index.php\/wp-json\/wp\/v2\/tags?post=61316"}],"curies":[{"name":"wp","href":"https:\/\/api.w.org\/{rel}","templated":true}]}}