{"id":61315,"date":"2024-07-08T14:30:16","date_gmt":"2024-07-08T14:30:16","guid":{"rendered":"https:\/\/immo.lecourrier.es\/index.php\/2024\/07\/08\/sandra-ortega-a-quelques-jours-du-debut-de-la-construction-de-son-resort-de-luxe-au-portugal\/"},"modified":"2026-03-01T16:57:16","modified_gmt":"2026-03-01T16:57:16","slug":"sandra-ortega-a-quelques-jours-du-debut-de-la-construction-de-son-resort-de-luxe-au-portugal","status":"publish","type":"post","link":"https:\/\/immo.lecourrier.es\/index.php\/2024\/07\/08\/sandra-ortega-a-quelques-jours-du-debut-de-la-construction-de-son-resort-de-luxe-au-portugal\/","title":{"rendered":"Sandra Ortega, \u00ab \u00e0 quelques jours \u00bb du d\u00e9but de la construction de son resort de luxe au Portugal"},"content":{"rendered":"<h4 class=\"long\">La fille d&rsquo;Amancio Ortega recevra en septembre l&rsquo;autorisation de d\u00e9marrer la construction du complexe h\u00f4telier de luxe Na Praia, \u00e0 Troia (Portugal).<\/h4>\n<p>03\/09\/21<\/p>\n<p>Sandra Ortega, fille des fondateurs du groupe Inditex, Amancio Ortega et Rosal\u00eda Mera, finalise les pr\u00e9paratifs pour d\u00e9marrer la construction d&rsquo;un complexe de luxe \u00e0 Tr\u00f3ia, au Portugal.<\/p>\n<p>Baptis\u00e9 \u00ab\u00a0Na Praia\u00a0\u00bb, il sera construit \u00e0 Tr\u00f3ia, dans la paroisse de Carvalhal. Le complexe touristique aura une superficie d&rsquo;environ 30 000 m\u00e8tres carr\u00e9s et sera construit sur un terrain achet\u00e9 par sa soci\u00e9t\u00e9 d&rsquo;investissement, Rosp Corunna, \u00e0 la soci\u00e9t\u00e9 portugaise Sonae Capital.<\/p>\n<p>Le conseil municipal de Gr\u00e2ndola esp\u00e8re accorder bient\u00f4t les premi\u00e8res licences pour le complexe touristique de luxe, selon le journal local Eco. Selon le maire de Gr\u00e2ndola, Ant\u00f3nio de Jesus Figueira Mendes, le projet \u00ab\u00a0est \u00e0 quelques jours du d\u00e9marrage\u00a0\u00bb, car il est en phase finale d&rsquo;\u00e9valuation des infrastructures du plan d&rsquo;urbanisation. D\u00e8s que le projet re\u00e7oit la licence, le permis est d\u00e9livr\u00e9 imm\u00e9diatement et la construction peut commencer.<\/p>\n<p>Ainsi, la construction du complexe de luxe devrait commencer d\u00e8s septembre. \u00ab Si tous les \u00e9l\u00e9ments sont corrects, dans les prochains jours, voire en septembre, le projet pourra \u00eatre licenci\u00e9 \u00bb, pr\u00e9cise-t-il.<\/p>\n<p>En 2018, Sandra Ortega a boucl\u00e9 l&rsquo;acquisition &#8211; convenue deux ans auparavant &#8211; de trois terrains pour 50 millions d&rsquo;euros, totalisant 340 hectares, aupr\u00e8s de Sonae Capital. Un complexe touristique y sera construit, avec un h\u00f4tel cinq \u00e9toiles, trois villages touristiques et une centaine d&rsquo;appartements, ainsi qu&rsquo;un terrain de golf.<\/p>\n<p>Dans des d\u00e9clarations \u00e0 un autre m\u00e9dia portugais, Expresso, le partenaire de Sandra Ortega au Portugal, Jos\u00e9 Antonio de Sousa, a soulign\u00e9 que, dans une premi\u00e8re phase, l&rsquo;h\u00f4tel serait construit avec une centaine de chambres et un village touristique. Cela impliquerait un investissement initial d&rsquo;environ 20 millions d&rsquo;euros et devrait \u00eatre achev\u00e9 d&rsquo;ici la mi-2024.<\/p>\n<p>Le complexe de Tr\u00f3ia est le premier investissement au Portugal de la fille d&rsquo;Amancio Ortega.<\/p>\n<h6><strong>R\u00e9sultats de Rosp Corunna<\/strong><\/h6>\n<p>Selon les derniers r\u00e9sultats, Rosp \u00a0Corunna a obtenu une perte de 91 millions d&rsquo;euros en 2020, contre 109,5 millions de b\u00e9n\u00e9fices en 2019. A travers cette soci\u00e9t\u00e9, Sandra Ortega canalise ses investissements dans des soci\u00e9t\u00e9s comme Inditex elle-m\u00eame &#8211; une participation de 5,05%, qu&rsquo;il h\u00e9rit\u00e9 de sa m\u00e8re, Rosal\u00eda Mera, apr\u00e8s sa mort-, PharmaMar, un autre 5%, ou Room Mate.<\/p>\n<p>La holding d&rsquo;Ortega d\u00e9tient \u00e9galement une soci\u00e9t\u00e9 immobili\u00e8re, Ferrado Inmuebles, qui a r\u00e9alis\u00e9 en 2020 un chiffre d&rsquo;affaires de 54,4 millions d&rsquo;euros et des pertes de 128,5 millions en raison de l&rsquo;effet Covid.<\/p>\n<p>Cette soci\u00e9t\u00e9 poss\u00e8de des propri\u00e9t\u00e9s en Espagne, aux \u00c9tats-Unis, en Autriche et dans les villes allemandes de Cologne et de Munich. La valeur comptable de ses investissements immobiliers \u00e9tait d&rsquo;environ 291 millions de dollars.<\/p>\n<p>Source : <a href=\"https:\/\/brainsre.news\/sandra-ortega-a-dias-de-comenzar-la-construccion-de-su-resort-de-lujo-en-portugal\/\">Brainsre.news<\/a><\/p>\n","protected":false},"excerpt":{"rendered":"<p>La fille d&rsquo;Amancio Ortega recevra en septembre l&rsquo;autorisation de d\u00e9marrer la construction du complexe h\u00f4telier de luxe Na Praia, \u00e0 Troia (Portugal). 03\/09\/21 Sandra Ortega, fille des fondateurs du groupe Inditex, Amancio Ortega et Rosal\u00eda Mera, finalise les pr\u00e9paratifs pour d\u00e9marrer la construction d&rsquo;un complexe de luxe \u00e0 Tr\u00f3ia, au Portugal. Baptis\u00e9 \u00ab\u00a0Na Praia\u00a0\u00bb, il [&hellip;]<\/p>\n","protected":false},"author":462,"featured_media":31696,"comment_status":"open","ping_status":"closed","sticky":false,"template":"","format":"standard","meta":{"om_disable_all_campaigns":false,"_monsterinsights_skip_tracking":false,"_monsterinsights_sitenote_active":false,"_monsterinsights_sitenote_note":"","_monsterinsights_sitenote_category":0,"_uf_show_specific_survey":0,"_uf_disable_surveys":false,"footnotes":""},"categories":[212],"tags":[],"class_list":["post-61315","post","type-post","status-publish","format-standard","has-post-thumbnail","hentry","category-breaking-news"],"acf":[],"_links":{"self":[{"href":"https:\/\/immo.lecourrier.es\/index.php\/wp-json\/wp\/v2\/posts\/61315","targetHints":{"allow":["GET"]}}],"collection":[{"href":"https:\/\/immo.lecourrier.es\/index.php\/wp-json\/wp\/v2\/posts"}],"about":[{"href":"https:\/\/immo.lecourrier.es\/index.php\/wp-json\/wp\/v2\/types\/post"}],"author":[{"embeddable":true,"href":"https:\/\/immo.lecourrier.es\/index.php\/wp-json\/wp\/v2\/users\/462"}],"replies":[{"embeddable":true,"href":"https:\/\/immo.lecourrier.es\/index.php\/wp-json\/wp\/v2\/comments?post=61315"}],"version-history":[{"count":0,"href":"https:\/\/immo.lecourrier.es\/index.php\/wp-json\/wp\/v2\/posts\/61315\/revisions"}],"wp:featuredmedia":[{"embeddable":true,"href":"https:\/\/immo.lecourrier.es\/index.php\/wp-json\/wp\/v2\/media\/31696"}],"wp:attachment":[{"href":"https:\/\/immo.lecourrier.es\/index.php\/wp-json\/wp\/v2\/media?parent=61315"}],"wp:term":[{"taxonomy":"category","embeddable":true,"href":"https:\/\/immo.lecourrier.es\/index.php\/wp-json\/wp\/v2\/categories?post=61315"},{"taxonomy":"post_tag","embeddable":true,"href":"https:\/\/immo.lecourrier.es\/index.php\/wp-json\/wp\/v2\/tags?post=61315"}],"curies":[{"name":"wp","href":"https:\/\/api.w.org\/{rel}","templated":true}]}}