{"id":61314,"date":"2024-07-08T14:25:15","date_gmt":"2024-07-08T14:25:15","guid":{"rendered":"https:\/\/immo.lecourrier.es\/index.php\/2024\/07\/08\/panattoni-lance-son-plus-grand-projet-logistique-en-espagne-a-seville\/"},"modified":"2026-03-01T16:57:07","modified_gmt":"2026-03-01T16:57:07","slug":"panattoni-lance-son-plus-grand-projet-logistique-en-espagne-a-seville","status":"publish","type":"post","link":"https:\/\/immo.lecourrier.es\/index.php\/2024\/07\/08\/panattoni-lance-son-plus-grand-projet-logistique-en-espagne-a-seville\/","title":{"rendered":"Panattoni lance son plus grand projet logistique en Espagne \u00e0 S\u00e9ville"},"content":{"rendered":"<h4 class=\"long\"><strong>Le nouveau projet comprendra 4 b\u00e2timents pr\u00e9par\u00e9s pour l&rsquo;activit\u00e9 logistique et industrielle dans ce qui sera le plus grand d\u00e9veloppement de l&rsquo;entreprise dans notre pays \u00e0 ce jour<\/strong><\/h4>\n<p>06\/09\/21<\/p>\n<p>Le promoteur immobilier Panattoni poursuit son plan d&rsquo;expansion dans la p\u00e9ninsule ib\u00e9rique. La soci\u00e9t\u00e9 vient d&rsquo;annoncer l&rsquo;acquisition d&rsquo;un terrain de 126 000 m2 dans la ville de S\u00e9ville pour le d\u00e9veloppement du port de Panattoni Park Sevilla, qui sera situ\u00e9 au sud de la ville, dans la zone de la zone portuaire.<\/p>\n<p>Le projet de parc pr\u00e9vu se compose de 4 b\u00e2timents de 32 000 m2, 21 000 m2, 14 000 m2 et 5 000 m2 respectivement, con\u00e7us pour accueillir diff\u00e9rents utilisateurs et totalisant une surface locative de 72 000 m2.<\/p>\n<p>Panattoni pr\u00e9voit de lancer la construction du premier b\u00e2timent \u00e0 risque au cours du premier trimestre 2022. Il s&rsquo;agira d&rsquo;un complexe modulable qui donnera la possibilit\u00e9 de louer les b\u00e2timents par modules, permettant d&rsquo;accueillir d&rsquo;une seule activit\u00e9 majeure \u00e0 11 activit\u00e9s diff\u00e9rentes, avec des modules de 2 000 m2 \u00e0 9 000 m2. Cependant, le parc est con\u00e7u de mani\u00e8re flexible pour accueillir \u00e9galement des demandes cl\u00e9s en main de b\u00e2timents coursiers\/cross-docking ou de plateformes logistiques de surfaces sup\u00e9rieures \u00e0 40 000 m2.<\/p>\n<p>Le parc jouxte l&rsquo;A4 et offre un acc\u00e8s direct \u00e0 l&rsquo;Avenida de las Razas, un point d&rsquo;entr\u00e9e cl\u00e9 dans la ville, et \u00e0 la SE-30, la rocade. Il b\u00e9n\u00e9ficiera \u00e9galement des acc\u00e8s qui relient le Port \u00e0 la SE-40 Sur dans sa liaison avec l&rsquo;A4.<\/p>\n<p>Le projet, qui sera con\u00e7u pour la logistique et l&rsquo;industrie l\u00e9g\u00e8re, disposera de 70 quais de chargement et de d\u00e9chargement pour les camions et les v\u00e9hicules de livraison et une hauteur de passage de 11,50 m pour maximiser le stockage des palettes. Chaque entrep\u00f4t disposera de plusieurs blocs de bureaux modulables d&rsquo;une surface modulable selon les besoins, de 56 m2 \u00e0 2 300 m2.<\/p>\n<p>Le projet sera situ\u00e9 dans le seul port int\u00e9rieur d&rsquo;Espagne. Sa proximit\u00e9 offre un emplacement cl\u00e9 pour la r\u00e9ception et l&rsquo;exp\u00e9dition des marchandises. De plus, le complexe disposera d&rsquo;un parking de 750 places pour les v\u00e9hicules et b\u00e9n\u00e9ficiera d&rsquo;un emplacement strat\u00e9gique gr\u00e2ce \u00e0 son acc\u00e8s \u00e0 la fois \u00e0 l&rsquo;autoroute A4 et \u00e0 la rocade SE-30.<\/p>\n<h6><strong>Expansion<\/strong><\/h6>\n<p>Gustavo Cardozo, directeur g\u00e9n\u00e9ral de Panattoni pour l&rsquo;Espagne et le Portugal, a ajout\u00e9 que \u00ab cela nous remplit de fiert\u00e9 de pouvoir rendre compte de ce qui est \u00e0 ce jour le projet le plus ambitieux de Panattoni dans la p\u00e9ninsule ib\u00e9rique, qui sera situ\u00e9 dans une enclave aussi repr\u00e9sentative pour la logistique de notre pays comme S\u00e9ville, la plaque tournante logistique la plus importante d&rsquo;Andalousie. Ce nouveau projet consolide nos plans d&rsquo;expansion \u00e0 un moment important d&rsquo;une phase de croissance \u00e9conomique telle que celle attendue apr\u00e8s la pand\u00e9mie, et nous donne la possibilit\u00e9 d&rsquo;offrir \u00e0 nos clients des entrep\u00f4ts logistiques et industriels \u00e0 la pointe de la technologie et parfaitement adapt\u00e9s aux besoins. tendances actuelles du secteur, au sein d&rsquo;un concept de parc, avec tous les avantages de rentabilit\u00e9 et de synergies que cela permet aux utilisateurs et dans une ville aussi importante pour notre secteur que S\u00e9ville \u00bb.<\/p>\n<p>Ce nouveau d\u00e9veloppement de Panattoni aura les normes de durabilit\u00e9 les plus \u00e9lev\u00e9es et aura la garantie environnementale fournie par la certification \u00e9nerg\u00e9tique BREEAM, le tout conform\u00e9ment \u00e0 son plan \u00ab\u00a0Lean &amp; Green\u00a0\u00bb. En termes de durabilit\u00e9, des panneaux solaires d&rsquo;une puissance de 100 kW par b\u00e2timent et une borne de recharge pour v\u00e9hicules \u00e9lectriques seront install\u00e9s. L&rsquo;efficacit\u00e9 \u00e9nerg\u00e9tique sera am\u00e9lior\u00e9e avec le syst\u00e8me d&rsquo;\u00e9clairage LED intelligent, ainsi que des syst\u00e8mes intelligents de gestion des d\u00e9chets. Il disposera \u00e9galement d&rsquo;un syst\u00e8me moderne de contr\u00f4le d&rsquo;acc\u00e8s et de s\u00e9curit\u00e9.<\/p>\n<p>Source : <a href=\"https:\/\/brainsre.news\/panattoni-desarrollo-primer-proyecto-logistico-sevilla\/\">brainsre.news<\/a><\/p>\n","protected":false},"excerpt":{"rendered":"<p>Le nouveau projet comprendra 4 b\u00e2timents pr\u00e9par\u00e9s pour l&rsquo;activit\u00e9 logistique et industrielle dans ce qui sera le plus grand d\u00e9veloppement de l&rsquo;entreprise dans notre pays \u00e0 ce jour 06\/09\/21 Le promoteur immobilier Panattoni poursuit son plan d&rsquo;expansion dans la p\u00e9ninsule ib\u00e9rique. La soci\u00e9t\u00e9 vient d&rsquo;annoncer l&rsquo;acquisition d&rsquo;un terrain de 126 000 m2 dans la ville [&hellip;]<\/p>\n","protected":false},"author":462,"featured_media":31690,"comment_status":"open","ping_status":"closed","sticky":false,"template":"","format":"standard","meta":{"om_disable_all_campaigns":false,"_monsterinsights_skip_tracking":false,"_monsterinsights_sitenote_active":false,"_monsterinsights_sitenote_note":"","_monsterinsights_sitenote_category":0,"_uf_show_specific_survey":0,"_uf_disable_surveys":false,"footnotes":""},"categories":[212,213,234],"tags":[],"class_list":["post-61314","post","type-post","status-publish","format-standard","has-post-thumbnail","hentry","category-breaking-news","category-construction-nouvelles","category-logistique-retail"],"acf":[],"_links":{"self":[{"href":"https:\/\/immo.lecourrier.es\/index.php\/wp-json\/wp\/v2\/posts\/61314","targetHints":{"allow":["GET"]}}],"collection":[{"href":"https:\/\/immo.lecourrier.es\/index.php\/wp-json\/wp\/v2\/posts"}],"about":[{"href":"https:\/\/immo.lecourrier.es\/index.php\/wp-json\/wp\/v2\/types\/post"}],"author":[{"embeddable":true,"href":"https:\/\/immo.lecourrier.es\/index.php\/wp-json\/wp\/v2\/users\/462"}],"replies":[{"embeddable":true,"href":"https:\/\/immo.lecourrier.es\/index.php\/wp-json\/wp\/v2\/comments?post=61314"}],"version-history":[{"count":0,"href":"https:\/\/immo.lecourrier.es\/index.php\/wp-json\/wp\/v2\/posts\/61314\/revisions"}],"wp:featuredmedia":[{"embeddable":true,"href":"https:\/\/immo.lecourrier.es\/index.php\/wp-json\/wp\/v2\/media\/31690"}],"wp:attachment":[{"href":"https:\/\/immo.lecourrier.es\/index.php\/wp-json\/wp\/v2\/media?parent=61314"}],"wp:term":[{"taxonomy":"category","embeddable":true,"href":"https:\/\/immo.lecourrier.es\/index.php\/wp-json\/wp\/v2\/categories?post=61314"},{"taxonomy":"post_tag","embeddable":true,"href":"https:\/\/immo.lecourrier.es\/index.php\/wp-json\/wp\/v2\/tags?post=61314"}],"curies":[{"name":"wp","href":"https:\/\/api.w.org\/{rel}","templated":true}]}}