{"id":61313,"date":"2024-07-08T14:15:21","date_gmt":"2024-07-08T14:15:21","guid":{"rendered":"https:\/\/immo.lecourrier.es\/index.php\/2024\/07\/08\/ryanair-demande-des-aides-et-des-reductions-de-tarifs-tout-en-ajoutant-des-liaisons-vers-madrid\/"},"modified":"2026-03-01T16:42:47","modified_gmt":"2026-03-01T16:42:47","slug":"ryanair-demande-des-aides-et-des-reductions-de-tarifs-tout-en-ajoutant-des-liaisons-vers-madrid","status":"publish","type":"post","link":"https:\/\/immo.lecourrier.es\/index.php\/2024\/07\/08\/ryanair-demande-des-aides-et-des-reductions-de-tarifs-tout-en-ajoutant-des-liaisons-vers-madrid\/","title":{"rendered":"Ryanair demande des aides et des r\u00e9ductions de tarifs tout en ajoutant des liaisons vers Madrid"},"content":{"rendered":"<h4 class=\"long\"><strong>La compagnie a\u00e9rienne Ryanair exploitera cet hiver 52 liaisons au d\u00e9part et \u00e0 destination de Madrid, dont sept nouvelles, qui relieront la capitale espagnole aux destinations europ\u00e9ennes \u00e0 partir d&rsquo;octobre. Dans le cadre de l&rsquo;annonce de sa nouvelle programmation, la compagnie low-cost a \u00e9voqu\u00e9 l&rsquo;urgence de r\u00e9duire \u00ab\u00a0les redevances a\u00e9roportuaires espagnoles excessives et la mise en place d&rsquo;incitations\u00a0\u00bb pour relancer l&rsquo;activit\u00e9 et la demande a\u00e9riennes.<\/strong><\/h4>\n<p>08\/09\/21<\/p>\n<p>En octobre, Ryanair adaptera son programme de vols et pr\u00e9voit d&rsquo;op\u00e9rer un total de 52 liaisons au d\u00e9part de Madrid vers 20 pays diff\u00e9rents, dont sept nouvelles liaisons : Agadir (Maroc), Bordeaux (France), Bristol (Royaume-Uni), Kaunas (Lituanie), Las Palmas (Espagne), Lisbonne (Portugal) et Turin (Italie)<br \/>\nPour respecter l&rsquo;horaire d&rsquo;hiver, la compagnie a\u00e9rienne recevra 55 nouveaux Boeing 737-8200 \u00ab\u00a0Gamechanger\u00a0\u00bb, qui \u00ab\u00a0contribueront \u00e0 stimuler le trafic a\u00e9rien espagnol\u00a0\u00bb, a d\u00e9clar\u00e9 Eddie Wilson, PDG de Ryanair.<\/p>\n<p>Apr\u00e8s avoir d\u00e9clar\u00e9 que Ryanair \u00ab\u00a0s&rsquo;est engag\u00e9 dans la reprise de l&rsquo;industrie touristique de Madrid\u00a0\u00bb, le PDG de la compagnie a\u00e9rienne a d\u00e9clar\u00e9 que \u00ab\u00a0AENA et le gouvernement espagnol devraient r\u00e9duire les redevances a\u00e9roportuaires espagnoles excessives qui nuisent \u00e0 la comp\u00e9titivit\u00e9 des a\u00e9roports nationaux par rapport \u00e0 leurs homologues europ\u00e9ens\u00a0\u00bb.<br \/>\nSelon Wilson, \u00ab\u00a0la r\u00e9duction des tarifs dans les a\u00e9roports espagnols et l&rsquo;introduction d&rsquo;incitations \u00e0 long terme pour la reprise du trafic a\u00e9rien faciliteraient une reprise rapide du tourisme et de l&#8217;emploi gr\u00e2ce aux tarifs bas de Ryanair et \u00e0 notre plan de croissance pour les prochaines ann\u00e9es\u00a0\u00bb.<\/p>\n<p>Source : <a href=\"https:\/\/www.hosteltur.com\/146483_ryanair-pide-incentivos-y-reduccion-de-tasas-mientras-suma-rutas-a-madrid.html\">Hosteltur<\/a><\/p>\n","protected":false},"excerpt":{"rendered":"<p>La compagnie a\u00e9rienne Ryanair exploitera cet hiver 52 liaisons au d\u00e9part et \u00e0 destination de Madrid, dont sept nouvelles, qui relieront la capitale espagnole aux destinations europ\u00e9ennes \u00e0 partir d&rsquo;octobre. Dans le cadre de l&rsquo;annonce de sa nouvelle programmation, la compagnie low-cost a \u00e9voqu\u00e9 l&rsquo;urgence de r\u00e9duire \u00ab\u00a0les redevances a\u00e9roportuaires espagnoles excessives et la mise [&hellip;]<\/p>\n","protected":false},"author":462,"featured_media":31672,"comment_status":"open","ping_status":"closed","sticky":false,"template":"","format":"standard","meta":{"om_disable_all_campaigns":false,"_monsterinsights_skip_tracking":false,"_monsterinsights_sitenote_active":false,"_monsterinsights_sitenote_note":"","_monsterinsights_sitenote_category":0,"_uf_show_specific_survey":0,"_uf_disable_surveys":false,"footnotes":""},"categories":[212,234],"tags":[],"class_list":["post-61313","post","type-post","status-publish","format-standard","has-post-thumbnail","hentry","category-breaking-news","category-logistique-retail"],"acf":[],"_links":{"self":[{"href":"https:\/\/immo.lecourrier.es\/index.php\/wp-json\/wp\/v2\/posts\/61313","targetHints":{"allow":["GET"]}}],"collection":[{"href":"https:\/\/immo.lecourrier.es\/index.php\/wp-json\/wp\/v2\/posts"}],"about":[{"href":"https:\/\/immo.lecourrier.es\/index.php\/wp-json\/wp\/v2\/types\/post"}],"author":[{"embeddable":true,"href":"https:\/\/immo.lecourrier.es\/index.php\/wp-json\/wp\/v2\/users\/462"}],"replies":[{"embeddable":true,"href":"https:\/\/immo.lecourrier.es\/index.php\/wp-json\/wp\/v2\/comments?post=61313"}],"version-history":[{"count":0,"href":"https:\/\/immo.lecourrier.es\/index.php\/wp-json\/wp\/v2\/posts\/61313\/revisions"}],"wp:featuredmedia":[{"embeddable":true,"href":"https:\/\/immo.lecourrier.es\/index.php\/wp-json\/wp\/v2\/media\/31672"}],"wp:attachment":[{"href":"https:\/\/immo.lecourrier.es\/index.php\/wp-json\/wp\/v2\/media?parent=61313"}],"wp:term":[{"taxonomy":"category","embeddable":true,"href":"https:\/\/immo.lecourrier.es\/index.php\/wp-json\/wp\/v2\/categories?post=61313"},{"taxonomy":"post_tag","embeddable":true,"href":"https:\/\/immo.lecourrier.es\/index.php\/wp-json\/wp\/v2\/tags?post=61313"}],"curies":[{"name":"wp","href":"https:\/\/api.w.org\/{rel}","templated":true}]}}