{"id":61310,"date":"2024-07-08T14:05:11","date_gmt":"2024-07-08T14:05:11","guid":{"rendered":"https:\/\/immo.lecourrier.es\/index.php\/2024\/07\/08\/la-russie-reprend-ses-vols-avec-lespagne-apres-18-mois\/"},"modified":"2026-03-01T16:26:49","modified_gmt":"2026-03-01T16:26:49","slug":"la-russie-reprend-ses-vols-avec-lespagne-apres-18-mois","status":"publish","type":"post","link":"https:\/\/immo.lecourrier.es\/index.php\/2024\/07\/08\/la-russie-reprend-ses-vols-avec-lespagne-apres-18-mois\/","title":{"rendered":"La Russie reprend ses vols avec l&rsquo;Espagne apr\u00e8s 18 mois"},"content":{"rendered":"<h4 class=\"long\"><strong>Le retour progressif \u00e0 la normalit\u00e9 dans les relations internationales se poursuit alors que l&rsquo;impact de la pand\u00e9mie s&rsquo;att\u00e9nue. A cette occasion, c&rsquo;est le gouvernement de la Russie qui a annonc\u00e9 la reprise des communications a\u00e9riennes avec l&rsquo;Espagne et trois autres pays \u00e0 partir du 21 septembre prochain, 18 mois apr\u00e8s avoir ferm\u00e9 ses fronti\u00e8res en raison du coronavirus. (Hosteltur)<\/strong><\/h4>\n<p>\u00ab\u00a0La Russie r\u00e9tablit les communications a\u00e9riennes avec l&rsquo;Espagne, l&rsquo;Irak, le Kenya et la Slovaquie \u00e0 compter du 21 septembre\u00a0\u00bb, a rapport\u00e9 lundi l&rsquo;ex\u00e9cutif russe. Le 18 mars 2020, la Russie a ferm\u00e9 ses fronti\u00e8res \u00e0 l&rsquo;entr\u00e9e des \u00e9trangers en raison de la pand\u00e9mie de COVID-19 et n&rsquo;a autoris\u00e9 que les vols de rapatriement. Quelques jours auparavant, la compagnie a\u00e9rienne Aeroflot avait d\u00e9j\u00e0 suspendu ses vols avec cinq destinations espagnoles, comme l&rsquo;a publi\u00e9 HOSTELTUR.<\/p>\n<p>Cinq mois plus tard, la Russie commen\u00e7ait \u00e0 r\u00e9tablir progressivement ses communications a\u00e9riennes avec le reste du monde, mais les vols avec l&rsquo;Espagne restaient interdits.<\/p>\n<p>Le gouvernement russe, qui a soulign\u00e9 que le r\u00e9tablissement des communications a\u00e9riennes avec les autres pays s&rsquo;effectue conform\u00e9ment au principe de r\u00e9ciprocit\u00e9, a \u00e9galement annonc\u00e9 lundi l&rsquo;augmentation de la fr\u00e9quence des vols avec l&rsquo;Egypte, la Hongrie, le Kazakhstan et le Qatar.<br \/>\nL&rsquo;Espagne est l&rsquo;une des destinations touristiques pr\u00e9f\u00e9r\u00e9es des citoyens russes. En 2019, l&rsquo;ann\u00e9e pr\u00e9c\u00e9dant la pand\u00e9mie, notre pays a re\u00e7u plus de 1,3 million de visiteurs russes.<\/p>\n<p><em>Source :<\/em> <a href=\"https:\/\/www.hosteltur.com\/146577_rusia-reanuda-los-vuelos-con-espana-despues-de-18-meses.html\">Hosteltur<\/a><\/p>\n","protected":false},"excerpt":{"rendered":"<p>Le retour progressif \u00e0 la normalit\u00e9 dans les relations internationales se poursuit alors que l&rsquo;impact de la pand\u00e9mie s&rsquo;att\u00e9nue. A cette occasion, c&rsquo;est le gouvernement de la Russie qui a annonc\u00e9 la reprise des communications a\u00e9riennes avec l&rsquo;Espagne et trois autres pays \u00e0 partir du 21 septembre prochain, 18 mois apr\u00e8s avoir ferm\u00e9 ses fronti\u00e8res [&hellip;]<\/p>\n","protected":false},"author":462,"featured_media":31654,"comment_status":"open","ping_status":"closed","sticky":false,"template":"","format":"standard","meta":{"om_disable_all_campaigns":false,"_monsterinsights_skip_tracking":false,"_monsterinsights_sitenote_active":false,"_monsterinsights_sitenote_note":"","_monsterinsights_sitenote_category":0,"_uf_show_specific_survey":0,"_uf_disable_surveys":false,"footnotes":""},"categories":[212,234],"tags":[],"class_list":["post-61310","post","type-post","status-publish","format-standard","has-post-thumbnail","hentry","category-breaking-news","category-logistique-retail"],"acf":[],"_links":{"self":[{"href":"https:\/\/immo.lecourrier.es\/index.php\/wp-json\/wp\/v2\/posts\/61310","targetHints":{"allow":["GET"]}}],"collection":[{"href":"https:\/\/immo.lecourrier.es\/index.php\/wp-json\/wp\/v2\/posts"}],"about":[{"href":"https:\/\/immo.lecourrier.es\/index.php\/wp-json\/wp\/v2\/types\/post"}],"author":[{"embeddable":true,"href":"https:\/\/immo.lecourrier.es\/index.php\/wp-json\/wp\/v2\/users\/462"}],"replies":[{"embeddable":true,"href":"https:\/\/immo.lecourrier.es\/index.php\/wp-json\/wp\/v2\/comments?post=61310"}],"version-history":[{"count":0,"href":"https:\/\/immo.lecourrier.es\/index.php\/wp-json\/wp\/v2\/posts\/61310\/revisions"}],"wp:featuredmedia":[{"embeddable":true,"href":"https:\/\/immo.lecourrier.es\/index.php\/wp-json\/wp\/v2\/media\/31654"}],"wp:attachment":[{"href":"https:\/\/immo.lecourrier.es\/index.php\/wp-json\/wp\/v2\/media?parent=61310"}],"wp:term":[{"taxonomy":"category","embeddable":true,"href":"https:\/\/immo.lecourrier.es\/index.php\/wp-json\/wp\/v2\/categories?post=61310"},{"taxonomy":"post_tag","embeddable":true,"href":"https:\/\/immo.lecourrier.es\/index.php\/wp-json\/wp\/v2\/tags?post=61310"}],"curies":[{"name":"wp","href":"https:\/\/api.w.org\/{rel}","templated":true}]}}