{"id":61309,"date":"2024-07-08T13:45:40","date_gmt":"2024-07-08T13:45:40","guid":{"rendered":"https:\/\/immo.lecourrier.es\/index.php\/2024\/07\/08\/rosewood-annonce-louverture-de-la-villa-magna-apres-avoir-investi-110-millions-dans-la-renovation-de-plusieurs-hotels\/"},"modified":"2026-03-01T16:08:37","modified_gmt":"2026-03-01T16:08:37","slug":"rosewood-annonce-louverture-de-la-villa-magna-apres-avoir-investi-110-millions-dans-la-renovation-de-plusieurs-hotels","status":"publish","type":"post","link":"https:\/\/immo.lecourrier.es\/index.php\/2024\/07\/08\/rosewood-annonce-louverture-de-la-villa-magna-apres-avoir-investi-110-millions-dans-la-renovation-de-plusieurs-hotels\/","title":{"rendered":"Rosewood annonce l&rsquo;ouverture de la Villa Magna apr\u00e8s avoir investi 110 millions dans la r\u00e9novation de plusieurs h\u00f4tels"},"content":{"rendered":"<h4 class=\"long\"><strong>RLH Properties a rachet\u00e9 l&rsquo;actif, en 2018, pour 210 millions d&rsquo;euros, soit ce qui revient au m\u00eame, pay\u00e9 1,4 million pour chacune des 154 chambres dont il dispose. (Brainsre.news)<\/strong><\/h4>\n<p>16\/09\/21<\/p>\n<p>La cha\u00eene h\u00f4teli\u00e8re Rosewood Hotels &amp; Resort annonce l&rsquo;ouverture de son grand h\u00f4tel de luxe \u00e0 Madrid. Le Rosewood Villa Magna commencera \u00e0 recevoir des clients \u00e0 partir du 22 octobre, apr\u00e8s une intense r\u00e9novation.<\/p>\n<p>L&rsquo;actif compte 154 chambres. Dans la section restaurant, il propose quatre offres diff\u00e9rentes. De plus, dans ses installations, il y aura des jardins et des chambres priv\u00e9es.<\/p>\n<p>Le complexe h\u00f4telier a \u00e9t\u00e9 construit en 1876 sous le nom de Palacio de Anglada. En mars de l&rsquo;ann\u00e9e derni\u00e8re, il a ferm\u00e9 ses portes en raison de la pand\u00e9mie et a profit\u00e9 de tout ce temps pour r\u00e9former ses installations. Bien que le montant investi dans ce processus ne soit pas connu, la cha\u00eene a indiqu\u00e9 qu&rsquo;elle avait allou\u00e9 110 millions pour renouveler trois actifs, dont celui-ci.<\/p>\n<p>La pr\u00e9sidente du groupe Rosewood, Radha Arora, a d\u00e9clar\u00e9 : \u00ab Rosewood Villa Magna va devenir un symbole de la capitale et de la culture de la ville. Borja Escalada, PDG de RLH Properties, ajoute : \u00ab La nouvelle image de Rosewood Villa Magna positionnera Madrid comme une r\u00e9f\u00e9rence du tourisme de luxe en Europe.<\/p>\n<p>RLH Properties, propri\u00e9taire de Villa Magna, a r\u00e9alis\u00e9 une op\u00e9ration record sur le march\u00e9 h\u00f4telier madril\u00e8ne. Il a rachet\u00e9 l&rsquo;h\u00f4tel Bless pour 115 millions d&rsquo;euros, ce qui revient \u00e0 payer plus d&rsquo;1 million pour chacune des 111 chambres dont il dispose. Pour acheter la Villa Magna, il a allou\u00e9 210 millions d&rsquo;euros, soit 1,4 par chambre.<\/p>\n<p><em>Source :<\/em> <a href=\"https:\/\/brainsre.news\/rosewood-apertura-villa-magna-invertir-110-millones-renovar-varios-hoteles\/\">Brainsre.news<\/a><\/p>\n","protected":false},"excerpt":{"rendered":"<p>RLH Properties a rachet\u00e9 l&rsquo;actif, en 2018, pour 210 millions d&rsquo;euros, soit ce qui revient au m\u00eame, pay\u00e9 1,4 million pour chacune des 154 chambres dont il dispose. (Brainsre.news) 16\/09\/21 La cha\u00eene h\u00f4teli\u00e8re Rosewood Hotels &amp; Resort annonce l&rsquo;ouverture de son grand h\u00f4tel de luxe \u00e0 Madrid. Le Rosewood Villa Magna commencera \u00e0 recevoir des [&hellip;]<\/p>\n","protected":false},"author":462,"featured_media":31626,"comment_status":"open","ping_status":"closed","sticky":false,"template":"","format":"standard","meta":{"om_disable_all_campaigns":false,"_monsterinsights_skip_tracking":false,"_monsterinsights_sitenote_active":false,"_monsterinsights_sitenote_note":"","_monsterinsights_sitenote_category":0,"_uf_show_specific_survey":0,"_uf_disable_surveys":false,"footnotes":""},"categories":[212],"tags":[],"class_list":["post-61309","post","type-post","status-publish","format-standard","has-post-thumbnail","hentry","category-breaking-news"],"acf":[],"_links":{"self":[{"href":"https:\/\/immo.lecourrier.es\/index.php\/wp-json\/wp\/v2\/posts\/61309","targetHints":{"allow":["GET"]}}],"collection":[{"href":"https:\/\/immo.lecourrier.es\/index.php\/wp-json\/wp\/v2\/posts"}],"about":[{"href":"https:\/\/immo.lecourrier.es\/index.php\/wp-json\/wp\/v2\/types\/post"}],"author":[{"embeddable":true,"href":"https:\/\/immo.lecourrier.es\/index.php\/wp-json\/wp\/v2\/users\/462"}],"replies":[{"embeddable":true,"href":"https:\/\/immo.lecourrier.es\/index.php\/wp-json\/wp\/v2\/comments?post=61309"}],"version-history":[{"count":0,"href":"https:\/\/immo.lecourrier.es\/index.php\/wp-json\/wp\/v2\/posts\/61309\/revisions"}],"wp:featuredmedia":[{"embeddable":true,"href":"https:\/\/immo.lecourrier.es\/index.php\/wp-json\/wp\/v2\/media\/31626"}],"wp:attachment":[{"href":"https:\/\/immo.lecourrier.es\/index.php\/wp-json\/wp\/v2\/media?parent=61309"}],"wp:term":[{"taxonomy":"category","embeddable":true,"href":"https:\/\/immo.lecourrier.es\/index.php\/wp-json\/wp\/v2\/categories?post=61309"},{"taxonomy":"post_tag","embeddable":true,"href":"https:\/\/immo.lecourrier.es\/index.php\/wp-json\/wp\/v2\/tags?post=61309"}],"curies":[{"name":"wp","href":"https:\/\/api.w.org\/{rel}","templated":true}]}}