{"id":61246,"date":"2024-07-07T16:45:07","date_gmt":"2024-07-07T16:45:07","guid":{"rendered":"https:\/\/immo.lecourrier.es\/index.php\/2024\/07\/07\/les-escapades-pendant-les-vacances-de-mai-seront-25-plus-cheres-quen-2022\/"},"modified":"2026-03-05T22:57:25","modified_gmt":"2026-03-05T22:57:25","slug":"les-escapades-pendant-les-vacances-de-mai-seront-25-plus-cheres-quen-2022","status":"publish","type":"post","link":"https:\/\/immo.lecourrier.es\/index.php\/2024\/07\/07\/les-escapades-pendant-les-vacances-de-mai-seront-25-plus-cheres-quen-2022\/","title":{"rendered":"Les escapades pendant les vacances de mai seront 25% plus ch\u00e8res qu&rsquo;en 2022"},"content":{"rendered":"<p><em>Les personnes qui souhaitent s&rsquo;\u00e9vader pendant le long week-end de mai &#8211; du 28 avril au 1er mai, jusqu&rsquo;au 2 mai si elles vivent dans la Communaut\u00e9 de Madrid &#8211; devront payer beaucoup plus cher que l&rsquo;ann\u00e9e derni\u00e8re. C&rsquo;est ce que d\u00e9montrent les donn\u00e9es d&rsquo;<strong>eBooking.com<\/strong>, qui indiquent qu&rsquo;en 2023, <strong>le prix moyen par nuit passera \u00e0 150 euros<\/strong>, soit 30 euros de plus qu&rsquo;en 2022.<\/em><\/p>\n<p>Cette augmentation des prix, comme le souligne Toni Raurich, directeur d&rsquo;eBooking.com, \u00ab\u00a0poursuit <strong>la tendance \u00e0 la hausse des prix<\/strong> que nous avions d\u00e9j\u00e0 d\u00e9tect\u00e9e \u00e0 P\u00e2ques, lorsque les r\u00e9servations \u00e9taient 22% plus ch\u00e8res qu&rsquo;en 2022 &#8211; 155\u20ac en moyenne, par rapport aux 127\u20ac qu&rsquo;il en co\u00fbtait pour r\u00e9server en 2022. Cela s&rsquo;explique par une <strong>forte demande coupl\u00e9e \u00e0 une forte inflation<\/strong>.\u00a0\u00bb<\/p>\n<p>La Catalogne enregistre la plus forte augmentation de prix (+78,3%), passant en un an d&rsquo;une moyenne de 118,4 euros par nuit \u00e0 211,1 euros par nuit.<\/p>\n<p>\u00c0 l&rsquo;autre extr\u00eame, <strong>les \u00eeles Canaries <\/strong>(-6,1%) et <strong>l&rsquo;Andalousie<\/strong> (-2,8%) sont les seules Communaut\u00e9s o\u00f9 <strong>le prix a baiss\u00e9<\/strong>. Dans le cas de l&rsquo;archipel, le prix est pass\u00e9 d&rsquo;une moyenne de 116,4 euros par nuit \u00e0 109,2; tandis qu&rsquo;en Andalousie, il est pass\u00e9 de 132,6 \u00e0 128,8 euros.<\/p>\n<p>En termes de destinations, <strong>les destinations nationales<\/strong> repr\u00e9sentent 77% des r\u00e9servations, aussi bien les grandes villes que les zones c\u00f4ti\u00e8res pour profiter du beau temps. Ainsi, <strong>Madrid<\/strong> (3,4%), <strong>Barcelone<\/strong> (3,2%), <strong>S\u00e9ville<\/strong> (3,1%), <strong>Cordoue<\/strong> (2,4%) et <strong>Grenade<\/strong> (1,7%) sont les villes qui, pour l&rsquo;instant, ont accumul\u00e9 le plus de r\u00e9servations pour le long week-end, suivies de plus loin par <strong>Malaga<\/strong>, <strong>Valence<\/strong> et <strong>Cadix<\/strong>.<\/p>\n","protected":false},"excerpt":{"rendered":"<p>Les personnes qui souhaitent s&rsquo;\u00e9vader pendant le long week-end de mai &#8211; du 28 avril au 1er mai, jusqu&rsquo;au 2 mai si elles vivent dans la Communaut\u00e9 de Madrid &#8211; devront payer beaucoup plus cher que l&rsquo;ann\u00e9e derni\u00e8re. C&rsquo;est ce que d\u00e9montrent les donn\u00e9es d&rsquo;eBooking.com, qui indiquent qu&rsquo;en 2023, le prix moyen par nuit passera [&hellip;]<\/p>\n","protected":false},"author":462,"featured_media":24012,"comment_status":"open","ping_status":"closed","sticky":false,"template":"","format":"standard","meta":{"om_disable_all_campaigns":false,"_monsterinsights_skip_tracking":false,"_monsterinsights_sitenote_active":false,"_monsterinsights_sitenote_note":"","_monsterinsights_sitenote_category":0,"_uf_show_specific_survey":0,"_uf_disable_surveys":false,"footnotes":""},"categories":[212,241],"tags":[],"class_list":["post-61246","post","type-post","status-publish","format-standard","has-post-thumbnail","hentry","category-breaking-news","category-magazines-blogs"],"acf":[],"_links":{"self":[{"href":"https:\/\/immo.lecourrier.es\/index.php\/wp-json\/wp\/v2\/posts\/61246","targetHints":{"allow":["GET"]}}],"collection":[{"href":"https:\/\/immo.lecourrier.es\/index.php\/wp-json\/wp\/v2\/posts"}],"about":[{"href":"https:\/\/immo.lecourrier.es\/index.php\/wp-json\/wp\/v2\/types\/post"}],"author":[{"embeddable":true,"href":"https:\/\/immo.lecourrier.es\/index.php\/wp-json\/wp\/v2\/users\/462"}],"replies":[{"embeddable":true,"href":"https:\/\/immo.lecourrier.es\/index.php\/wp-json\/wp\/v2\/comments?post=61246"}],"version-history":[{"count":0,"href":"https:\/\/immo.lecourrier.es\/index.php\/wp-json\/wp\/v2\/posts\/61246\/revisions"}],"wp:featuredmedia":[{"embeddable":true,"href":"https:\/\/immo.lecourrier.es\/index.php\/wp-json\/wp\/v2\/media\/24012"}],"wp:attachment":[{"href":"https:\/\/immo.lecourrier.es\/index.php\/wp-json\/wp\/v2\/media?parent=61246"}],"wp:term":[{"taxonomy":"category","embeddable":true,"href":"https:\/\/immo.lecourrier.es\/index.php\/wp-json\/wp\/v2\/categories?post=61246"},{"taxonomy":"post_tag","embeddable":true,"href":"https:\/\/immo.lecourrier.es\/index.php\/wp-json\/wp\/v2\/tags?post=61246"}],"curies":[{"name":"wp","href":"https:\/\/api.w.org\/{rel}","templated":true}]}}