{"id":61229,"date":"2024-07-07T15:40:13","date_gmt":"2024-07-07T15:40:13","guid":{"rendered":"https:\/\/immo.lecourrier.es\/index.php\/2024\/07\/07\/la-republique-dominicaine-enregistre-les-meilleurs-4-premiers-mois-de-son-histoire\/"},"modified":"2026-03-05T22:00:35","modified_gmt":"2026-03-05T22:00:35","slug":"la-republique-dominicaine-enregistre-les-meilleurs-4-premiers-mois-de-son-histoire","status":"publish","type":"post","link":"https:\/\/immo.lecourrier.es\/index.php\/2024\/07\/07\/la-republique-dominicaine-enregistre-les-meilleurs-4-premiers-mois-de-son-histoire\/","title":{"rendered":"La R\u00e9publique dominicaine enregistre les meilleurs 4 premiers mois de son histoire"},"content":{"rendered":"<p><em>David Collado, ministre du Tourisme de la R\u00e9publique dominicaine, a confirm\u00e9 qu&rsquo;au cours des 4 premiers mois de l&rsquo;ann\u00e9e, le pays a d\u00e9pass\u00e9 de 17% le nombre d&rsquo;arriv\u00e9es de touristes par avion en 2019, apr\u00e8s un mois d&rsquo;avril record. En incluant les croisi\u00e9ristes, ce chiffre s&rsquo;\u00e9l\u00e8ve \u00e0 3,7 millions.<\/em><\/p>\n<p>La R\u00e9publique dominicaine a re\u00e7u 2.757.810 touristes par avion au cours de la p\u00e9riode janvier-avril, soit une augmentation de 25% par rapport \u00e0 2022 (2,3 millions) et de 17% par rapport aux chiffres d&rsquo;avant la pand\u00e9mie (2,46 millions).<\/p>\n<p>Les croisi\u00e9ristes ont \u00e9galement connu une croissance et ont totalis\u00e9 987.665 en 4 mois, d\u00e9passant les 417.744 de 2022 et les 459.441 de 2019.<\/p>\n<p>Si l&rsquo;on additionne les touristes par voie a\u00e9rienne et maritime, le nombre s&rsquo;\u00e9l\u00e8ve \u00e0 3.745.475, soit 36% de plus que l&rsquo;ann\u00e9e derni\u00e8re.<\/p>\n<p>Selon M. Collado, ces r\u00e9sultats ont \u00e9t\u00e9 possibles parce qu&rsquo;en avril, le record d&rsquo;arriv\u00e9es de touristes a de nouveau \u00e9t\u00e9 battu : 681.567 par voie a\u00e9rienne (+9% par rapport \u00e0 2022 et +17% par rapport \u00e0 2019). Sur les 681.567 touristes qui ont visit\u00e9 le pays, 587.455 \u00e9taient des \u00e9trangers et 94.112 des Dominicains.<\/p>\n<p>De son c\u00f4t\u00e9, le pays a compt\u00e9 181.138 croisi\u00e9ristes, d\u00e9passant les 90.427 d&rsquo;avril 2022 et les 74.452 de 2019.<\/p>\n<p>Le ministre David Collado pr\u00e9voit de cl\u00f4turer l&rsquo;ann\u00e9e avec 7,9 millions de touristes, ce qui ferait de 2023 une ann\u00e9e record.<\/p>\n<figure class=\"wp-block-image size-full\"><img decoding=\"async\" src=\"https:\/\/immo.lecourrier.es\/wp-content\/uploads\/2024\/04\/Capture-decran-2023-05-17-a-16.08.46-1.jpg\"><\/figure>\n","protected":false},"excerpt":{"rendered":"<p>David Collado, ministre du Tourisme de la R\u00e9publique dominicaine, a confirm\u00e9 qu&rsquo;au cours des 4 premiers mois de l&rsquo;ann\u00e9e, le pays a d\u00e9pass\u00e9 de 17% le nombre d&rsquo;arriv\u00e9es de touristes par avion en 2019, apr\u00e8s un mois d&rsquo;avril record. En incluant les croisi\u00e9ristes, ce chiffre s&rsquo;\u00e9l\u00e8ve \u00e0 3,7 millions. La R\u00e9publique dominicaine a re\u00e7u 2.757.810 [&hellip;]<\/p>\n","protected":false},"author":462,"featured_media":23739,"comment_status":"open","ping_status":"closed","sticky":false,"template":"","format":"standard","meta":{"om_disable_all_campaigns":false,"_monsterinsights_skip_tracking":false,"_monsterinsights_sitenote_active":false,"_monsterinsights_sitenote_note":"","_monsterinsights_sitenote_category":0,"_uf_show_specific_survey":0,"_uf_disable_surveys":false,"footnotes":""},"categories":[212],"tags":[],"class_list":["post-61229","post","type-post","status-publish","format-standard","has-post-thumbnail","hentry","category-breaking-news"],"acf":[],"_links":{"self":[{"href":"https:\/\/immo.lecourrier.es\/index.php\/wp-json\/wp\/v2\/posts\/61229","targetHints":{"allow":["GET"]}}],"collection":[{"href":"https:\/\/immo.lecourrier.es\/index.php\/wp-json\/wp\/v2\/posts"}],"about":[{"href":"https:\/\/immo.lecourrier.es\/index.php\/wp-json\/wp\/v2\/types\/post"}],"author":[{"embeddable":true,"href":"https:\/\/immo.lecourrier.es\/index.php\/wp-json\/wp\/v2\/users\/462"}],"replies":[{"embeddable":true,"href":"https:\/\/immo.lecourrier.es\/index.php\/wp-json\/wp\/v2\/comments?post=61229"}],"version-history":[{"count":0,"href":"https:\/\/immo.lecourrier.es\/index.php\/wp-json\/wp\/v2\/posts\/61229\/revisions"}],"wp:featuredmedia":[{"embeddable":true,"href":"https:\/\/immo.lecourrier.es\/index.php\/wp-json\/wp\/v2\/media\/23739"}],"wp:attachment":[{"href":"https:\/\/immo.lecourrier.es\/index.php\/wp-json\/wp\/v2\/media?parent=61229"}],"wp:term":[{"taxonomy":"category","embeddable":true,"href":"https:\/\/immo.lecourrier.es\/index.php\/wp-json\/wp\/v2\/categories?post=61229"},{"taxonomy":"post_tag","embeddable":true,"href":"https:\/\/immo.lecourrier.es\/index.php\/wp-json\/wp\/v2\/tags?post=61229"}],"curies":[{"name":"wp","href":"https:\/\/api.w.org\/{rel}","templated":true}]}}