{"id":61208,"date":"2024-07-07T14:15:15","date_gmt":"2024-07-07T14:15:15","guid":{"rendered":"https:\/\/immo.lecourrier.es\/index.php\/2024\/07\/07\/les-etrangers-achetent-deux-maisons-sur-dix-sur-le-marche-espagnol\/"},"modified":"2026-03-05T20:34:53","modified_gmt":"2026-03-05T20:34:53","slug":"les-etrangers-achetent-deux-maisons-sur-dix-sur-le-marche-espagnol","status":"publish","type":"post","link":"https:\/\/immo.lecourrier.es\/index.php\/2024\/07\/07\/les-etrangers-achetent-deux-maisons-sur-dix-sur-le-marche-espagnol\/","title":{"rendered":"Les \u00e9trangers ach\u00e8tent deux maisons sur dix sur le march\u00e9 espagnol"},"content":{"rendered":"<p><em>La demande internationale de logements a rebondi de 30% l&rsquo;ann\u00e9e derni\u00e8re, contre 2,2% pour la demande int\u00e9rieure, selon les donn\u00e9es d&rsquo;Euroval.<\/em> <\/p>\n<p>L&rsquo;immobilisme et l&rsquo;incertitude que la pand\u00e9mie a g\u00e9n\u00e9r\u00e9s dans la demande internationale de logements dans notre pays appartiennent au pass\u00e9. En 2022, celle-ci a rebondi de 30% par rapport \u00e0 l&rsquo;ann\u00e9e pr\u00e9c\u00e9dente, alors que la demande nationale a augment\u00e9 de 2,2%. En d&rsquo;autres termes, pr\u00e8s de 14 fois moins.<\/p>\n<p>L&rsquo;acquisition de logements par des \u00e9trangers, l&rsquo;un des facteurs cl\u00e9s de la stabilit\u00e9 et de la croissance du march\u00e9 touristique et r\u00e9sidentiel espagnol, a d\u00e9j\u00e0 d\u00e9pass\u00e9 les niveaux d&rsquo;avant la pand\u00e9mie en termes de nombre d&rsquo;unit\u00e9s. Telles sont quelques-unes des conclusions d&rsquo;une analyse r\u00e9alis\u00e9e par la soci\u00e9t\u00e9 d&rsquo;\u00e9valuation Euroval, qui a quantifi\u00e9 le pourcentage d&rsquo;achats effectu\u00e9s par des \u00e9trangers et l&rsquo;a compar\u00e9 au nombre total de transactions dans chaque communaut\u00e9 autonome et au niveau national.<\/p>\n<p>Selon cette analyse, incluse dans son rapport Inmocoyuntura 2023, <strong>18,7% des transactions en 2022 correspondaient \u00e0 des acheteurs \u00e9trangers, soit 3,4% de plus que l&rsquo;ann\u00e9e pr\u00e9c\u00e9dente<\/strong> et 1,8% de plus qu&rsquo;en 2019.<\/p>\n<p>Malgr\u00e9 la reprise significative de la demande \u00e9trang\u00e8re en 2022, son pourcentage reste l\u00e9g\u00e8rement inf\u00e9rieur au pic enregistr\u00e9 en 2015, lorsqu&rsquo;un logement sur cinq (19,3%) a \u00e9t\u00e9 achet\u00e9 par un \u00e9tranger.<\/p>\n<p><strong>Les achats de logements par des \u00e9trangers sont d\u00e9j\u00e0 sup\u00e9rieurs aux niveaux ant\u00e9rieurs \u00e0 la pand\u00e9mie<\/strong><\/p>\n<p>Toutefois, si l&rsquo;on utilise des chiffres absolus plut\u00f4t que des pourcentages, la r\u00e9alit\u00e9 est diff\u00e9rente. Le sorpasso 2022 ne fait aucun doute. <strong>Alors qu&rsquo;en 2015, 77.530 logements ont \u00e9t\u00e9 vendus \u00e0 des \u00e9trangers, l&rsquo;ann\u00e9e derni\u00e8re le chiffre a atteint 133.221 unit\u00e9s, soit presque le double<\/strong>.<\/p>\n<p>Comme le souligne le rapport Euroval, \u00ab\u00a0la reprise de la demande \u00e9trang\u00e8re intervient \u00e0 un moment d\u00e9licat pour le march\u00e9 r\u00e9sidentiel de notre pays, qui subit d\u00e9j\u00e0 une certaine contraction en raison de l&rsquo;incertitude internationale et de l&rsquo;augmentation du co\u00fbt d&rsquo;acc\u00e8s au cr\u00e9dit hypoth\u00e9caire due \u00e0 la hausse des taux d&rsquo;int\u00e9r\u00eat\u00a0\u00bb.<\/p>\n<p>En effet, les achats effectu\u00e9s par des \u00e9trangers ont permis de cl\u00f4turer 2022 avec de meilleurs chiffres que si l&rsquo;on ne prenait en compte que les transactions effectu\u00e9es par des acheteurs nationaux. En effet, si l&rsquo;on ne tenait compte que des ventes r\u00e9alis\u00e9es par ces derniers, il se serait vendu l&rsquo;an dernier 2,2% de logements de plus qu&rsquo;en 2021 (579.194 unit\u00e9s contre 566.745). C&rsquo;est la dynamique d&rsquo;investissement de la demande internationale qui a port\u00e9 cet \u00e9cart \u00e0 6,5% (712.415 unit\u00e9s contre 669.120).<\/p>\n","protected":false},"excerpt":{"rendered":"<p>La demande internationale de logements a rebondi de 30% l&rsquo;ann\u00e9e derni\u00e8re, contre 2,2% pour la demande int\u00e9rieure, selon les donn\u00e9es d&rsquo;Euroval. L&rsquo;immobilisme et l&rsquo;incertitude que la pand\u00e9mie a g\u00e9n\u00e9r\u00e9s dans la demande internationale de logements dans notre pays appartiennent au pass\u00e9. En 2022, celle-ci a rebondi de 30% par rapport \u00e0 l&rsquo;ann\u00e9e pr\u00e9c\u00e9dente, alors que [&hellip;]<\/p>\n","protected":false},"author":462,"featured_media":23286,"comment_status":"open","ping_status":"closed","sticky":false,"template":"","format":"standard","meta":{"om_disable_all_campaigns":false,"_monsterinsights_skip_tracking":false,"_monsterinsights_sitenote_active":false,"_monsterinsights_sitenote_note":"","_monsterinsights_sitenote_category":0,"_uf_show_specific_survey":0,"_uf_disable_surveys":false,"footnotes":""},"categories":[212,241],"tags":[],"class_list":["post-61208","post","type-post","status-publish","format-standard","has-post-thumbnail","hentry","category-breaking-news","category-magazines-blogs"],"acf":[],"_links":{"self":[{"href":"https:\/\/immo.lecourrier.es\/index.php\/wp-json\/wp\/v2\/posts\/61208","targetHints":{"allow":["GET"]}}],"collection":[{"href":"https:\/\/immo.lecourrier.es\/index.php\/wp-json\/wp\/v2\/posts"}],"about":[{"href":"https:\/\/immo.lecourrier.es\/index.php\/wp-json\/wp\/v2\/types\/post"}],"author":[{"embeddable":true,"href":"https:\/\/immo.lecourrier.es\/index.php\/wp-json\/wp\/v2\/users\/462"}],"replies":[{"embeddable":true,"href":"https:\/\/immo.lecourrier.es\/index.php\/wp-json\/wp\/v2\/comments?post=61208"}],"version-history":[{"count":0,"href":"https:\/\/immo.lecourrier.es\/index.php\/wp-json\/wp\/v2\/posts\/61208\/revisions"}],"wp:featuredmedia":[{"embeddable":true,"href":"https:\/\/immo.lecourrier.es\/index.php\/wp-json\/wp\/v2\/media\/23286"}],"wp:attachment":[{"href":"https:\/\/immo.lecourrier.es\/index.php\/wp-json\/wp\/v2\/media?parent=61208"}],"wp:term":[{"taxonomy":"category","embeddable":true,"href":"https:\/\/immo.lecourrier.es\/index.php\/wp-json\/wp\/v2\/categories?post=61208"},{"taxonomy":"post_tag","embeddable":true,"href":"https:\/\/immo.lecourrier.es\/index.php\/wp-json\/wp\/v2\/tags?post=61208"}],"curies":[{"name":"wp","href":"https:\/\/api.w.org\/{rel}","templated":true}]}}