{"id":61190,"date":"2024-07-07T13:10:14","date_gmt":"2024-07-07T13:10:14","guid":{"rendered":"https:\/\/immo.lecourrier.es\/index.php\/2024\/07\/07\/le-premier-hotel-mett-en-espagne-ouvrira-ses-portes-en-aout-apres-une-renovation-de-15-millions-deuros\/"},"modified":"2026-03-05T19:30:24","modified_gmt":"2026-03-05T19:30:24","slug":"le-premier-hotel-mett-en-espagne-ouvrira-ses-portes-en-aout-apres-une-renovation-de-15-millions-deuros","status":"publish","type":"post","link":"https:\/\/immo.lecourrier.es\/index.php\/2024\/07\/07\/le-premier-hotel-mett-en-espagne-ouvrira-ses-portes-en-aout-apres-une-renovation-de-15-millions-deuros\/","title":{"rendered":"Le premier h\u00f4tel METT en Espagne ouvrira ses portes en ao\u00fbt apr\u00e8s une r\u00e9novation de 15 millions d&rsquo;euros."},"content":{"rendered":"<p><em><strong>METT Hotels &amp; Resorts<\/strong>, la cha\u00eene bas\u00e9e \u00e0 Duba\u00ef, ouvrira son premier \u00e9tablissement en Espagne en ao\u00fbt sur la Costa del Sol apr\u00e8s un investissement de <strong>15 millions<\/strong> d&rsquo;euros dans la r\u00e9novation compl\u00e8te de l&rsquo;ancien h\u00f4tel Iberostar. Le <strong>METT Hotel &amp; Beach Resort Marbella-Estepona<\/strong> comptera <strong>225 chambres et 28 suites <\/strong>avec vue, dont une chambre luxueuse de pr\u00e8s de 500 m\u00e8tres carr\u00e9s comprenant plusieurs chambres, un salon, un jardin et une piscine priv\u00e9e.<\/em><\/p>\n<p>Les h\u00f4tes et les r\u00e9sidents pourront profiter de<strong> quatre espaces gastronomiques <\/strong>sp\u00e9cialis\u00e9s dans la cuisine italienne pour <strong> l&rsquo;Isola Ristorante Italiano<\/strong>, o\u00f9 le petit-d\u00e9jeuner sera servi ainsi que des d\u00eeners \u00e0 la carte ; cuisine m\u00e9diterran\u00e9enne et grecque au restaurant grec <strong>Ammos<\/strong>, r\u00e9cemment ouvert \u00e0 Ibiza ; des plats internationaux au bord de la piscine et de la plage \u00e0 <strong>Azure Beach<\/strong> ; ainsi que des tapas locales et \u00ab\u00a0une s\u00e9lection exquise de vins\u00a0\u00bb \u00e0 <strong>El Bar de Lola<\/strong>.<\/p>\n<p>Dans le but d&rsquo;offrir \u00e0 ses clients une relaxation totale, il propose<strong> RAISE Fitness &amp; Wellness<\/strong>, un espace o\u00f9 l&rsquo;on peut faire de l&rsquo;exercice et profiter du bien-\u00eatre, et le<strong> MOI Spa<\/strong>, d&rsquo;une superficie de 500 m\u00e8tres carr\u00e9s, avec des th\u00e9rapeutes qualifi\u00e9s qui aident \u00e0 choisir le traitement le plus appropri\u00e9 pour am\u00e9liorer la sant\u00e9 physique et mentale.<\/p>\n<p>Son engagement en faveur du d\u00e9veloppe\u00f1ent durable se traduit par l&rsquo;utilisation de <strong>mat\u00e9riaux recycl\u00e9s et recyclables<\/strong> sans plastique, de produits<strong> de proximit\u00e9s (km 0)<\/strong> dans les cuisines pour favoriser le march\u00e9 local, de compteurs intelligents pour contr\u00f4ler <strong>l&rsquo;impact de l&#8217;empreinte \u00e9cologique<\/strong>, de 4<strong> bornes de recharge pour les v\u00e9hicules \u00e9lectriques<\/strong>, de l&rsquo;installation de <strong>panneaux photovolta\u00efques<\/strong> pour l&rsquo;autoconsommation et de <strong>toits verts<\/strong> pour retenir les eaux de pluie, contribuer \u00e0 la purification de l&rsquo;air, aider \u00e0 r\u00e9duire la temp\u00e9rature ambiante et isoler thermiquement, ce qui contribue \u00e9galement aux \u00e9conomies d&rsquo;\u00e9nergie.<\/p>\n<p><strong>Sunset Hospitality Group (SHG), l&rsquo;alma mater de METT<\/strong><\/p>\n<p><strong>Le Sunset Hospitality Group (SHG)<\/strong> poss\u00e8de des espaces de restauration, d&rsquo;h\u00e9bergement et de loisirs situ\u00e9s dans quelques-uns des meilleurs endroits au monde. <strong>Sushisamba, L&rsquo;Amo Bistro del Mare, Dream<\/strong> ou encore <strong>Isola et Ammos<\/strong>, d\u00e9j\u00e0 cit\u00e9s, sont quelques-uns des plus importants de son portefeuille.<\/p>\n<p>Il a \u00e9t\u00e9 fond\u00e9 en 2011 avec la vision de<strong> cr\u00e9er des exp\u00e9riences d&rsquo;h\u00e9bergements uniques au monde<\/strong>, des stations baln\u00e9aires et clubs de plage aux restaurants et lieux de vie nocturne. D\u00e8s lors, le groupe s&rsquo;est sp\u00e9cialis\u00e9 dans le d\u00e9veloppement de <strong>concepts pionniers avec des marques renomm\u00e9es dans le domaine de l&rsquo;investissement et de la gestion h\u00f4teli\u00e8re.<\/strong><\/p>\n<p><strong>METT Hotels &amp; Resorts<\/strong> est l&rsquo;une de ces marques, fond\u00e9e en 2020 par SHG, qui place la <strong>gastronomie, le divertissement et les interactions<\/strong> au c\u0153ur de l&rsquo;exp\u00e9rience du client. Son PDG, <strong>Antonio Gonz\u00e1lez<\/strong>, a soulign\u00e9 que \u00ab\u00a0la Costa del Sol correspond parfaitement \u00e0 l&rsquo;esprit de notre marque et \u00e0 son <strong>concept innovant<\/strong> d&rsquo;hospitalit\u00e9 espagnole\u00a0\u00bb.<\/p>\n<figure class=\"wp-block-gallery has-nested-images columns-default is-cropped wp-block-gallery-1 is-layout-flex wp-block-gallery-is-layout-flex\">\n<figure class=\"wp-block-image\"><img decoding=\"async\" src=\"https:\/\/immo.lecourrier.es\/wp-content\/uploads\/2024\/04\/L_173237_el-primer-hotel-mett-en-espana-abrira-en-agosto-tras-una-reforma-de-15-m-1-1024x683.jpg\"><\/figure>\n<\/figure>\n","protected":false},"excerpt":{"rendered":"<p>METT Hotels &amp; Resorts, la cha\u00eene bas\u00e9e \u00e0 Duba\u00ef, ouvrira son premier \u00e9tablissement en Espagne en ao\u00fbt sur la Costa del Sol apr\u00e8s un investissement de 15 millions d&rsquo;euros dans la r\u00e9novation compl\u00e8te de l&rsquo;ancien h\u00f4tel Iberostar. Le METT Hotel &amp; Beach Resort Marbella-Estepona comptera 225 chambres et 28 suites avec vue, dont une chambre [&hellip;]<\/p>\n","protected":false},"author":462,"featured_media":22979,"comment_status":"open","ping_status":"closed","sticky":false,"template":"","format":"standard","meta":{"om_disable_all_campaigns":false,"_monsterinsights_skip_tracking":false,"_monsterinsights_sitenote_active":false,"_monsterinsights_sitenote_note":"","_monsterinsights_sitenote_category":0,"_uf_show_specific_survey":0,"_uf_disable_surveys":false,"footnotes":""},"categories":[212,258],"tags":[],"class_list":["post-61190","post","type-post","status-publish","format-standard","has-post-thumbnail","hentry","category-breaking-news","category-hotels-living"],"acf":[],"_links":{"self":[{"href":"https:\/\/immo.lecourrier.es\/index.php\/wp-json\/wp\/v2\/posts\/61190","targetHints":{"allow":["GET"]}}],"collection":[{"href":"https:\/\/immo.lecourrier.es\/index.php\/wp-json\/wp\/v2\/posts"}],"about":[{"href":"https:\/\/immo.lecourrier.es\/index.php\/wp-json\/wp\/v2\/types\/post"}],"author":[{"embeddable":true,"href":"https:\/\/immo.lecourrier.es\/index.php\/wp-json\/wp\/v2\/users\/462"}],"replies":[{"embeddable":true,"href":"https:\/\/immo.lecourrier.es\/index.php\/wp-json\/wp\/v2\/comments?post=61190"}],"version-history":[{"count":0,"href":"https:\/\/immo.lecourrier.es\/index.php\/wp-json\/wp\/v2\/posts\/61190\/revisions"}],"wp:featuredmedia":[{"embeddable":true,"href":"https:\/\/immo.lecourrier.es\/index.php\/wp-json\/wp\/v2\/media\/22979"}],"wp:attachment":[{"href":"https:\/\/immo.lecourrier.es\/index.php\/wp-json\/wp\/v2\/media?parent=61190"}],"wp:term":[{"taxonomy":"category","embeddable":true,"href":"https:\/\/immo.lecourrier.es\/index.php\/wp-json\/wp\/v2\/categories?post=61190"},{"taxonomy":"post_tag","embeddable":true,"href":"https:\/\/immo.lecourrier.es\/index.php\/wp-json\/wp\/v2\/tags?post=61190"}],"curies":[{"name":"wp","href":"https:\/\/api.w.org\/{rel}","templated":true}]}}