{"id":61185,"date":"2024-07-07T13:05:05","date_gmt":"2024-07-07T13:05:05","guid":{"rendered":"https:\/\/immo.lecourrier.es\/index.php\/2024\/07\/07\/nouveaux-appartements-construits-a-seulement-300-metres-de-la-plage-tm-grupo-inmobiliario-2\/"},"modified":"2026-03-05T19:25:30","modified_gmt":"2026-03-05T19:25:30","slug":"nouveaux-appartements-construits-a-seulement-300-metres-de-la-plage-tm-grupo-inmobiliario-2","status":"publish","type":"post","link":"https:\/\/immo.lecourrier.es\/index.php\/2024\/07\/07\/nouveaux-appartements-construits-a-seulement-300-metres-de-la-plage-tm-grupo-inmobiliario-2\/","title":{"rendered":"Nouveaux appartements construits \u00e0 seulement 300 m\u00e8tres de la plage (TM Grupo Inmobiliario)"},"content":{"rendered":"<p><em>Respirez l&rsquo;air frais, sentez la mer, contemplez l&rsquo;horizon, ressentez-le dans votre maison&#8230;<\/em><\/p>\n<p>L&rsquo;<strong>Ocean Dream<\/strong> <strong>by TM<\/strong> est situ\u00e9 dans la zone privil\u00e9gi\u00e9e de <strong>Roc\u00edo del Mar-Punta Prima<\/strong> : \u00e0 c\u00f4t\u00e9 du parc naturel prot\u00e9g\u00e9 de Lo Ferris, \u00e0 seulement 300 m\u00e8tres de la plage Cala Piteras et \u00e0 seulement 5 minutes de Torrevieja. L&rsquo;urbanisation comptera un total de 36 propri\u00e9t\u00e9s de 2 et 3 chambres \u00e0 coucher avec 2 salles de bain et des vues extraordinaires sur la mer depuis la plupart d&rsquo;entre elles. Les espaces communs seront situ\u00e9s dans le solarium, un endroit id\u00e9al pour profiter du meilleur lever ou coucher de soleil gr\u00e2ce \u00e0 ses vues \u00e0 360\u00ba. <br \/>Que comprennent les espaces communs ? Une piscine \u00e0 d\u00e9bordement avec 3 lits d&rsquo;eau, un jacuzzi et un espace de d\u00e9tente. Faites de Ocean Dream by TM votre maison, o\u00f9 la mer et vos r\u00eaves ne font qu&rsquo;un.<\/p>\n<p>Livraison:&nbsp;<strong>15 juin 2024<\/strong><\/p>\n<p>Les logements seront compos\u00e9s d&rsquo;appartements de 2 et 3 chambres, 2 salles de bain, avec un espace de parking et une salle de stockage. Tous les appartements auront une terrasse ou un jardin priv\u00e9, dans le cas des propri\u00e9t\u00e9s au rez-de-chauss\u00e9e, o\u00f9 une piscine priv\u00e9e peut \u00eatre construite. L&rsquo;un des points forts de la r\u00e9sidence est son excellente orientation, puisque vous pourrez choisir entre des appartements orient\u00e9s nord-est ou sud-ouest.<\/p>\n<p><strong>Les alentours<\/strong><\/p>\n<p><strong>Les plages<br \/><\/strong>\u00c0 seulement 300 m\u00e8tres de la plage de Cala Piteras et \u00e0 700 m\u00e8tres de la plage de Punta Prima. En outre, \u00e0 3 minutes en voiture (\u00b13 km), nous avons Playa Flamenca.<\/p>\n<p><strong>Lieux \u00e0 visiter<br \/><\/strong>Proche d&rsquo;un large \u00e9ventail de services \u00e0 pied tels que restaurants, pharmacies et supermarch\u00e9s. \u00c0 seulement 5 minutes en voiture, vous pourrez vous rendre dans des centres commerciaux tels que le boulevard Zenia et Habaneras. La r\u00e9sidence se trouve \u00e0 moins de 45 minutes de route de l&rsquo;a\u00e9roport d&rsquo;Alicante et de l&rsquo;a\u00e9roport de Murcie \u00e0 Corvera.<\/p>\n<p><strong>Terrains de golf<\/strong><br \/>Il y a plusieurs terrains de golf dans la r\u00e9gion, les plus proches \u00e9tant le Villamartin Golf, \u00e0 seulement 5 km, le Campoamor Golf et le Las Colinas Golf.<strong>Terrains de golf<\/strong><br \/>Il y a plusieurs terrains de golf dans la r\u00e9gion, les plus proches \u00e9tant le Villamartin Golf, \u00e0 seulement 5 km, Campoamor Golf et Las Colinas Golf.<\/p>\n<figure class=\"wp-block-gallery has-nested-images columns-default is-cropped wp-block-gallery-1 is-layout-flex wp-block-gallery-is-layout-flex\">\n<figure class=\"wp-block-image size-large\"><img decoding=\"async\" src=\"https:\/\/immo.lecourrier.es\/wp-content\/uploads\/2024\/04\/06da486a-937a-4297-9e3a-6c5c19904d35-1024x726.jpg\"><\/figure>\n<figure class=\"wp-block-image size-large\"><img decoding=\"async\" src=\"https:\/\/immo.lecourrier.es\/wp-content\/uploads\/2024\/04\/6b27027f-451a-4350-86fd-cda7970a5478-1024x726.jpg\"><\/figure>\n<figure class=\"wp-block-image size-large\"><img decoding=\"async\" src=\"https:\/\/immo.lecourrier.es\/wp-content\/uploads\/2024\/04\/94e413cd-7cf5-426c-a492-bcf46da35c68-1024x726.jpg\"><\/figure>\n<figure class=\"wp-block-image size-large\"><img decoding=\"async\" src=\"https:\/\/immo.lecourrier.es\/wp-content\/uploads\/2024\/04\/cd666be0-a702-4e91-a8cf-c18e2fd87fd4-1024x746.jpg\"><\/figure>\n<figure class=\"wp-block-image size-large\"><img decoding=\"async\" src=\"https:\/\/immo.lecourrier.es\/wp-content\/uploads\/2024\/04\/e79f5149-257a-4003-8b06-5418e76d35e2-1024x726.jpg\"><\/figure>\n<figure class=\"wp-block-image size-large\"><img decoding=\"async\" src=\"https:\/\/immo.lecourrier.es\/wp-content\/uploads\/2024\/04\/e190d324-5002-44c0-a61e-15c6685a844c-1024x767.jpg\"><\/figure>\n<\/figure>\n<p>Pour plus d&rsquo;informations, rendez-vous sur le site de <a href=\"https:\/\/www.tmgrupoinmobiliario.com\/fr\/promotions-immobilieres\/U74-01_apartament-plage-espagne-torrevieja-punta-prima-ocean-dream-by-tm?utm_source=prensa&amp;utm_medium=cpc&amp;utm_campaign=le-courier\">TM Immobilier<\/a>. <\/p>\n","protected":false},"excerpt":{"rendered":"<p>Respirez l&rsquo;air frais, sentez la mer, contemplez l&rsquo;horizon, ressentez-le dans votre maison&#8230; L&rsquo;Ocean Dream by TM est situ\u00e9 dans la zone privil\u00e9gi\u00e9e de Roc\u00edo del Mar-Punta Prima : \u00e0 c\u00f4t\u00e9 du parc naturel prot\u00e9g\u00e9 de Lo Ferris, \u00e0 seulement 300 m\u00e8tres de la plage Cala Piteras et \u00e0 seulement 5 minutes de Torrevieja. L&rsquo;urbanisation comptera [&hellip;]<\/p>\n","protected":false},"author":462,"featured_media":30912,"comment_status":"open","ping_status":"closed","sticky":false,"template":"","format":"standard","meta":{"om_disable_all_campaigns":false,"_monsterinsights_skip_tracking":false,"_monsterinsights_sitenote_active":false,"_monsterinsights_sitenote_note":"","_monsterinsights_sitenote_category":0,"_uf_show_specific_survey":0,"_uf_disable_surveys":false,"footnotes":""},"categories":[213],"tags":[],"class_list":["post-61185","post","type-post","status-publish","format-standard","has-post-thumbnail","hentry","category-construction-nouvelles"],"acf":[],"_links":{"self":[{"href":"https:\/\/immo.lecourrier.es\/index.php\/wp-json\/wp\/v2\/posts\/61185","targetHints":{"allow":["GET"]}}],"collection":[{"href":"https:\/\/immo.lecourrier.es\/index.php\/wp-json\/wp\/v2\/posts"}],"about":[{"href":"https:\/\/immo.lecourrier.es\/index.php\/wp-json\/wp\/v2\/types\/post"}],"author":[{"embeddable":true,"href":"https:\/\/immo.lecourrier.es\/index.php\/wp-json\/wp\/v2\/users\/462"}],"replies":[{"embeddable":true,"href":"https:\/\/immo.lecourrier.es\/index.php\/wp-json\/wp\/v2\/comments?post=61185"}],"version-history":[{"count":0,"href":"https:\/\/immo.lecourrier.es\/index.php\/wp-json\/wp\/v2\/posts\/61185\/revisions"}],"wp:featuredmedia":[{"embeddable":true,"href":"https:\/\/immo.lecourrier.es\/index.php\/wp-json\/wp\/v2\/media\/30912"}],"wp:attachment":[{"href":"https:\/\/immo.lecourrier.es\/index.php\/wp-json\/wp\/v2\/media?parent=61185"}],"wp:term":[{"taxonomy":"category","embeddable":true,"href":"https:\/\/immo.lecourrier.es\/index.php\/wp-json\/wp\/v2\/categories?post=61185"},{"taxonomy":"post_tag","embeddable":true,"href":"https:\/\/immo.lecourrier.es\/index.php\/wp-json\/wp\/v2\/tags?post=61185"}],"curies":[{"name":"wp","href":"https:\/\/api.w.org\/{rel}","templated":true}]}}