{"id":61160,"date":"2024-07-07T12:30:09","date_gmt":"2024-07-07T12:30:09","guid":{"rendered":"https:\/\/immo.lecourrier.es\/index.php\/2024\/07\/07\/le-puy-du-fou-prevoit-daccueillir-cet-ete-30-de-visiteurs-en-plus-quen-2022\/"},"modified":"2026-03-05T18:50:24","modified_gmt":"2026-03-05T18:50:24","slug":"le-puy-du-fou-prevoit-daccueillir-cet-ete-30-de-visiteurs-en-plus-quen-2022","status":"publish","type":"post","link":"https:\/\/immo.lecourrier.es\/index.php\/2024\/07\/07\/le-puy-du-fou-prevoit-daccueillir-cet-ete-30-de-visiteurs-en-plus-quen-2022\/","title":{"rendered":"Le Puy du Fou pr\u00e9voit d&rsquo;accueillir cet \u00e9t\u00e9 30% de visiteurs en plus qu&rsquo;en 2022"},"content":{"rendered":"<p><em>Le Puy du Fou pr\u00e9voit d&rsquo;accueillir plus de 360.000 spectateurs cet \u00e9t\u00e9, soit 30% de plus qu&rsquo;en 2022, gr\u00e2ce \u00e9galement \u00e0 sa campagne de prix sp\u00e9ciaux pour profiter d&rsquo;un \u00e9t\u00e9 historique. Ce chiffre s&rsquo;inscrit dans le cadre du plan strat\u00e9gique de l&rsquo;entreprise, qui vise \u00e0 atteindre plus d&rsquo;un million de visiteurs cette saison, selon les actualit\u00e9s touristiques d&rsquo;HOSTELTUR.<\/em><\/p>\n<p>Le <strong>R\u00eave de Tol\u00e8de<\/strong> du Puy du Fou, reconnu par l&rsquo;<strong>IAAPA<\/strong> (International Association of Parks and Entertainment) comme<strong> le meilleur spectacle au monde<\/strong>, continue de battre des records en affichant complet \u00e0 plusieurs reprises cet \u00e9t\u00e9 avec ses<strong> 6.000 places<\/strong>. Sa sc\u00e8ne de 5 hectares, avec plus de 200 acteurs, <strong>en fait le plus grand spectacle jamais pr\u00e9sent\u00e9 en Espagne<\/strong>.<\/p>\n<p>Depuis la premi\u00e8re d&rsquo;El Sue\u00f1o de Toledo en ao\u00fbt 2019, plus de 950.000 personnes ont assist\u00e9 \u00e0 ce grand spectacle nocturne qui vous invite \u00e0 voyager \u00e0 travers 1.500 ans d&rsquo;histoire espagnole.<\/p>\n<p>La restauration est un <strong>pilier fondamental de l&rsquo;exp\u00e9rience offerte par le parc<\/strong>, gr\u00e2ce \u00e0 son \u00e9quipe de professionnels dans plus de <strong>30 auberges et manoirs<\/strong>, o\u00f9 ils offrent une proposition gastronomique vari\u00e9e, de qualit\u00e9 et \u00ab\u00a0historique\u00a0\u00bb, avec des produits de diff\u00e9rentes p\u00e9riodes de l&rsquo;histoire espagnole. Sa feuille de route est marqu\u00e9e par un <strong>engagement envers les produits locaux et la r\u00e9cup\u00e9ration des saveurs traditionnelles<\/strong> li\u00e9es \u00e0 la terre de La Mancha.<\/p>\n<p>L&rsquo;objectif repose sur la<strong> mise en valeur des richesses gastronomiques de la r\u00e9gion<\/strong>, sans compter que la s\u00e9lection des <strong>produits locaux<\/strong> est l&rsquo;un de ses principaux axes, car elle contribue \u00e0 la pr\u00e9servation du tissu agricole local et \u00e0 la r\u00e9duction de la pollution due aux transports.<\/p>\n<h3 class=\"wp-block-heading\"><strong>Des initiatives pour faire face aux temp\u00e9ratures estivales<\/strong><\/h3>\n<p>Le Puy du Fou Espa\u00f1a continue d&rsquo;inviter les visiteurs \u00e0 oublier les temp\u00e9ratures estivales dans un <strong>cadre naturel de plus de 30 hectares <\/strong>situ\u00e9 au c\u0153ur des Montes de Toledo, entour\u00e9 d&rsquo;une v\u00e9g\u00e9tation m\u00e9diterran\u00e9enne, avec des<strong> centaines de fontaines et de points d&rsquo;eau<\/strong>, ainsi que des bancs, des aires de repos et de l&rsquo;ombre &#8211; gr\u00e2ce \u00e0 ses <strong>8.000 m2 de pergolas et d&rsquo;auvents &#8211; et des points de brumisation <\/strong>le long de ses sentiers.<\/p>\n<div class=\"wp-block-image\">\n<figure class=\"aligncenter size-full\"><img decoding=\"async\" src=\"https:\/\/immo.lecourrier.es\/wp-content\/uploads\/2024\/04\/image-1-1.jpg\"><figcaption class=\"wp-element-caption\">Le Puy du Fou propose \u00e0 ses visiteurs des propositions rafra\u00eechissantes pour oublier les temp\u00e9ratures estivales. Source : Puy du Fou : Puy du Fou.<\/figcaption><\/figure>\n<\/div>\n<p>Le parc a \u00e9galement plant\u00e9 plus de <strong>200.000 plantes<\/strong> jusqu&rsquo;\u00e0 pr\u00e9sent et vise \u00e0 ajouter <strong>25.000 plantes suppl\u00e9mentaires cette saison, compos\u00e9es de 200 esp\u00e8ces indig\u00e8nes<\/strong>, afin d&rsquo;apporter de la fra\u00eecheur aux chemins et aux sentiers.<\/p>\n","protected":false},"excerpt":{"rendered":"<p>Le Puy du Fou pr\u00e9voit d&rsquo;accueillir plus de 360.000 spectateurs cet \u00e9t\u00e9, soit 30% de plus qu&rsquo;en 2022, gr\u00e2ce \u00e9galement \u00e0 sa campagne de prix sp\u00e9ciaux pour profiter d&rsquo;un \u00e9t\u00e9 historique. Ce chiffre s&rsquo;inscrit dans le cadre du plan strat\u00e9gique de l&rsquo;entreprise, qui vise \u00e0 atteindre plus d&rsquo;un million de visiteurs cette saison, selon les [&hellip;]<\/p>\n","protected":false},"author":462,"featured_media":22816,"comment_status":"open","ping_status":"closed","sticky":false,"template":"","format":"standard","meta":{"om_disable_all_campaigns":false,"_monsterinsights_skip_tracking":false,"_monsterinsights_sitenote_active":false,"_monsterinsights_sitenote_note":"","_monsterinsights_sitenote_category":0,"_uf_show_specific_survey":0,"_uf_disable_surveys":false,"footnotes":""},"categories":[212,241],"tags":[],"class_list":["post-61160","post","type-post","status-publish","format-standard","has-post-thumbnail","hentry","category-breaking-news","category-magazines-blogs"],"acf":[],"_links":{"self":[{"href":"https:\/\/immo.lecourrier.es\/index.php\/wp-json\/wp\/v2\/posts\/61160","targetHints":{"allow":["GET"]}}],"collection":[{"href":"https:\/\/immo.lecourrier.es\/index.php\/wp-json\/wp\/v2\/posts"}],"about":[{"href":"https:\/\/immo.lecourrier.es\/index.php\/wp-json\/wp\/v2\/types\/post"}],"author":[{"embeddable":true,"href":"https:\/\/immo.lecourrier.es\/index.php\/wp-json\/wp\/v2\/users\/462"}],"replies":[{"embeddable":true,"href":"https:\/\/immo.lecourrier.es\/index.php\/wp-json\/wp\/v2\/comments?post=61160"}],"version-history":[{"count":0,"href":"https:\/\/immo.lecourrier.es\/index.php\/wp-json\/wp\/v2\/posts\/61160\/revisions"}],"wp:featuredmedia":[{"embeddable":true,"href":"https:\/\/immo.lecourrier.es\/index.php\/wp-json\/wp\/v2\/media\/22816"}],"wp:attachment":[{"href":"https:\/\/immo.lecourrier.es\/index.php\/wp-json\/wp\/v2\/media?parent=61160"}],"wp:term":[{"taxonomy":"category","embeddable":true,"href":"https:\/\/immo.lecourrier.es\/index.php\/wp-json\/wp\/v2\/categories?post=61160"},{"taxonomy":"post_tag","embeddable":true,"href":"https:\/\/immo.lecourrier.es\/index.php\/wp-json\/wp\/v2\/tags?post=61160"}],"curies":[{"name":"wp","href":"https:\/\/api.w.org\/{rel}","templated":true}]}}