{"id":61110,"date":"2024-07-07T11:32:28","date_gmt":"2024-07-07T11:32:28","guid":{"rendered":"https:\/\/immo.lecourrier.es\/index.php\/2024\/07\/07\/marina-dor-annule-toutes-les-reservations-et-ferme-ses-hotels\/"},"modified":"2026-03-05T17:52:59","modified_gmt":"2026-03-05T17:52:59","slug":"marina-dor-annule-toutes-les-reservations-et-ferme-ses-hotels","status":"publish","type":"post","link":"https:\/\/immo.lecourrier.es\/index.php\/2024\/07\/07\/marina-dor-annule-toutes-les-reservations-et-ferme-ses-hotels\/","title":{"rendered":"Marina d&rsquo;Or annule toutes les r\u00e9servations et ferme ses h\u00f4tels"},"content":{"rendered":"<p><em>La station baln\u00e9aire Marina d&rsquo;Or a annonc\u00e9 de mani\u00e8re inattendue la fermeture de tous ses h\u00f4tels et du spa \u00e0 partir de ce dimanche 17 septembre. Pour ce faire, elle a inform\u00e9 tous ses clients <strong>par t\u00e9l\u00e9phone ou par courriel<\/strong> de l&rsquo;annulation des r\u00e9servations, ce qui constitue une anticipation de la fin de la saison de ce que l&rsquo;on appelle la \u00ab\u00a0Ville de vacances\u00a0\u00bb, puisque l&rsquo;op\u00e9ration a \u00e9t\u00e9 prolong\u00e9e jusqu&rsquo;au mois de d\u00e9cembre.<\/em><\/p>\n<p>Selon la presse locale, <strong>il s&rsquo;agit de la premi\u00e8re d\u00e9cision<\/strong> prise dans le complexe embl\u00e9matique d&rsquo;Oropesa del Mar (Castell\u00f3n) apr\u00e8s son rachat par Grupo Fuertes (El Pozo), il y a un mois, au fonds am\u00e9ricain Farallon Capital Management. Il avait \u00e9t\u00e9 pr\u00e9c\u00e9demment vendu \u00e0 cette soci\u00e9t\u00e9 par Jes\u00fas Ger, fondateur de Marina d&rsquo;Or.<\/p>\n<p>Les clients affect\u00e9s par la fermeture anticip\u00e9e, qui avaient des r\u00e9servations jusqu&rsquo;\u00e0 la fin de l&rsquo;ann\u00e9e, seront rembours\u00e9s, selon le d\u00e9partement de la station. Marina d&rsquo;Or ferme habituellement <strong>pour<\/strong> <strong>la<\/strong> <strong>fin de la saison<\/strong>, 2 semaines en 2019 et 2021. En 2022, il \u00e9tait d\u00e9j\u00e0 surprenant que la fermeture ait lieu le 13 octobre ; cette ann\u00e9e, c&rsquo;est presque un mois plus t\u00f4t.<\/p>\n<h3 class=\"wp-block-heading\"><strong>Nouvellement mis \u00e0 jour<\/strong><\/h3>\n<p>La \u00ab\u00a0ville de vacances\u00a0\u00bb familiale de la c\u00f4te valencienne compte un h\u00f4tel 5 \u00e9toiles, 2 h\u00f4tels 4 \u00e9toiles, ainsi qu&rsquo;un spa d&rsquo;eau sal\u00e9e et de <strong>nombreux espaces de loisirs<\/strong>. L&rsquo;ensemble du complexe a \u00e9t\u00e9 modernis\u00e9 apr\u00e8s la pand\u00e9mie, lorsque Farallon a r\u00e9alis\u00e9 une s\u00e9rie d&rsquo;investissements \u00e0 cette fin.<\/p>\n<div class=\"wp-block-image\">\n<figure class=\"aligncenter size-full is-resized\"><a href=\"https:\/\/twitter.com\/colorete_dor\/status\/1701246377227907291?ref_src=twsrc%5Etfw%7Ctwcamp%5Etweetembed%7Ctwterm%5E1701246377227907291%7Ctwgr%5E6501abaaa261b11ba1775961f116123d7243e670%7Ctwcon%5Es1_&amp;ref_url=https%3A%2F%2Fwww.hosteltur.com%2F159295_marina-dor-cancela-todas-las-reservas-y-cierra-todos-sus-hoteles.html\"><img decoding=\"async\" src=\"https:\/\/immo.lecourrier.es\/wp-content\/uploads\/2024\/04\/Capture-decran-2023-09-18-a-09.52.47.png\"><\/a><\/figure>\n<\/div>\n<p>En ao\u00fbt, la nouvelle op\u00e9ration d&rsquo;achat a \u00e9t\u00e9 annonc\u00e9e, selon laquelle Grupo Fuertes <strong>est devenu actionnaire<\/strong> et Hoteles Costa Blanca sera charg\u00e9 de la gestion du complexe de vacances.<\/p>\n","protected":false},"excerpt":{"rendered":"<p>La station baln\u00e9aire Marina d&rsquo;Or a annonc\u00e9 de mani\u00e8re inattendue la fermeture de tous ses h\u00f4tels et du spa \u00e0 partir de ce dimanche 17 septembre. Pour ce faire, elle a inform\u00e9 tous ses clients par t\u00e9l\u00e9phone ou par courriel de l&rsquo;annulation des r\u00e9servations, ce qui constitue une anticipation de la fin de la saison [&hellip;]<\/p>\n","protected":false},"author":462,"featured_media":22604,"comment_status":"open","ping_status":"closed","sticky":false,"template":"","format":"standard","meta":{"om_disable_all_campaigns":false,"_monsterinsights_skip_tracking":false,"_monsterinsights_sitenote_active":false,"_monsterinsights_sitenote_note":"","_monsterinsights_sitenote_category":0,"_uf_show_specific_survey":0,"_uf_disable_surveys":false,"footnotes":""},"categories":[212,258],"tags":[],"class_list":["post-61110","post","type-post","status-publish","format-standard","has-post-thumbnail","hentry","category-breaking-news","category-hotels-living"],"acf":[],"_links":{"self":[{"href":"https:\/\/immo.lecourrier.es\/index.php\/wp-json\/wp\/v2\/posts\/61110","targetHints":{"allow":["GET"]}}],"collection":[{"href":"https:\/\/immo.lecourrier.es\/index.php\/wp-json\/wp\/v2\/posts"}],"about":[{"href":"https:\/\/immo.lecourrier.es\/index.php\/wp-json\/wp\/v2\/types\/post"}],"author":[{"embeddable":true,"href":"https:\/\/immo.lecourrier.es\/index.php\/wp-json\/wp\/v2\/users\/462"}],"replies":[{"embeddable":true,"href":"https:\/\/immo.lecourrier.es\/index.php\/wp-json\/wp\/v2\/comments?post=61110"}],"version-history":[{"count":0,"href":"https:\/\/immo.lecourrier.es\/index.php\/wp-json\/wp\/v2\/posts\/61110\/revisions"}],"wp:featuredmedia":[{"embeddable":true,"href":"https:\/\/immo.lecourrier.es\/index.php\/wp-json\/wp\/v2\/media\/22604"}],"wp:attachment":[{"href":"https:\/\/immo.lecourrier.es\/index.php\/wp-json\/wp\/v2\/media?parent=61110"}],"wp:term":[{"taxonomy":"category","embeddable":true,"href":"https:\/\/immo.lecourrier.es\/index.php\/wp-json\/wp\/v2\/categories?post=61110"},{"taxonomy":"post_tag","embeddable":true,"href":"https:\/\/immo.lecourrier.es\/index.php\/wp-json\/wp\/v2\/tags?post=61110"}],"curies":[{"name":"wp","href":"https:\/\/api.w.org\/{rel}","templated":true}]}}