{"id":61087,"date":"2024-07-07T11:10:12","date_gmt":"2024-07-07T11:10:12","guid":{"rendered":"https:\/\/immo.lecourrier.es\/index.php\/2024\/07\/07\/grupo-fuertes-et-magic-costa-blanca-relancent-marina-dor-avec-un-nouveau-concept\/"},"modified":"2026-03-05T17:28:20","modified_gmt":"2026-03-05T17:28:20","slug":"grupo-fuertes-et-magic-costa-blanca-relancent-marina-dor-avec-un-nouveau-concept","status":"publish","type":"post","link":"https:\/\/immo.lecourrier.es\/index.php\/2024\/07\/07\/grupo-fuertes-et-magic-costa-blanca-relancent-marina-dor-avec-un-nouveau-concept\/","title":{"rendered":"Grupo Fuertes et Magic Costa Blanca relancent Marina d&rsquo;Or avec un nouveau concept"},"content":{"rendered":"<p><em>La station baln\u00e9aire Marina d&rsquo;Or, \u00e0 Oropesa (Castell\u00f3n), rouvrira ses portes en 2024 avec un nouveau concept touristique apr\u00e8s la fermeture anticip\u00e9e de cette ann\u00e9e, comme l&rsquo;a confirm\u00e9 son nouveau propri\u00e9taire, Grupo Fuertes (El Pozo), <strong>dans un communiqu\u00e9 conjoint <\/strong>avec la cha\u00eene h\u00f4teli\u00e8re qui g\u00e9rera la \u00ab\u00a0ville des vacances\u00a0\u00bb, Hoteles Magic Costa Blanca.<\/em><\/p>\n<p>Dans un premier temps, la note confirme ce que HOSTELTUR a rapport\u00e9 \u00e0 la mi-ao\u00fbt : Grupo Fuertes et Magic Costa Blanca ont convenu d&rsquo;acqu\u00e9rir le complexe Marina d&rsquo;Or aupr\u00e8s du fonds d&rsquo;investissement am\u00e9ricain Farallon Capital Management. Ils ont ajout\u00e9 qu&rsquo;ils s&rsquo;appr\u00eataient <strong>\u00e0 relancer conjointement <\/strong>ce projet \u00ab\u00a0sous un nouveau concept touristique et \u00e0 le placer parmi les meilleurs lieux de vacances d&rsquo;Europe\u00a0\u00bb.<\/p>\n<p>Plus pr\u00e9cis\u00e9ment, les deux marques responsables de la \u00ab\u00a0Ciudad de Vacaciones\u00a0\u00bb ont indiqu\u00e9 que l&rsquo;op\u00e9ration \u00ab\u00a0<strong>est actuellement \u00e9tudi\u00e9e<\/strong>\u00a0\u00bb par la Commission nationale des march\u00e9s et de la concurrence (CNMC), et \u00ab\u00a0est en attente de l&rsquo;autorisation de cet organisme\u00a0\u00bb, ont pr\u00e9cis\u00e9 le propri\u00e9taire et le g\u00e9rant.<\/p>\n<p>Grupo Fuertes et Magic Costa Blanca ont fait appel \u00e0 Garrigues et Rosillo Rein, en tant que conseillers juridiques et immobiliers, respectivement.<\/p>\n<p>Il convient de noter que Grupo Fuertes est une soci\u00e9t\u00e9 holding \u00e0 capital 100% espagnol, qui regroupe <strong>plus de 20 entreprises diff\u00e9rentes<\/strong> dont l&rsquo;activit\u00e9 est principalement ax\u00e9e sur le secteur agroalimentaire. Parmi elles, ElPozo Alimentaci\u00f3n est un leader du secteur. Le groupe d&rsquo;entreprises emploie plus de 8.700 personnes et son chiffre d&rsquo;affaires a d\u00e9pass\u00e9 les 2,3 milliards d&rsquo;euros en 2022.<\/p>\n<h3 class=\"wp-block-heading\"><strong>L&rsquo;exp\u00e9rience magique de la Costa Blanca<\/strong><\/h3>\n<p>Pour sa part, Magic Costa Blanca est un groupe h\u00f4telier ayant pr\u00e8s de 50 ans d&rsquo;exp\u00e9rience dans le secteur du tourisme, qui emploie <strong>pr\u00e8s de 2.000 personnes et g\u00e8re 11.695 lits<\/strong>. Il est bien implant\u00e9 dans le secteur de l&rsquo;h\u00e9bergement touristique de la Communaut\u00e9 valencienne et a remport\u00e9 des prix tels que le Traveller&rsquo;s Choice de Tripadvisor et le Traveller Review Awards de Booking.<\/p>\n<p>Marina d&rsquo;Or est un complexe destin\u00e9 au tourisme familial, qui dispose<strong> d&rsquo;h\u00f4tels 3, 4 et 5 \u00e9toiles<\/strong> et offre comme incitation et attraction le \u00ab\u00a0plus grand spa marin d&rsquo;Europe\u00a0\u00bb, qui propose \u00e9galement une grande vari\u00e9t\u00e9 de traitements dans son centre m\u00e9dico-esth\u00e9tique. Il dispose \u00e9galement d&rsquo;un gymnase et d&rsquo;un spa, d&rsquo;un karting, de deux terrains de football en gazon naturel, d&rsquo;un terrain multisports, de 8 courts de tennis, de 6 courts de padel, de 2 courts de squash et d&rsquo;autres infrastructures.<\/p>\n","protected":false},"excerpt":{"rendered":"<p>La station baln\u00e9aire Marina d&rsquo;Or, \u00e0 Oropesa (Castell\u00f3n), rouvrira ses portes en 2024 avec un nouveau concept touristique apr\u00e8s la fermeture anticip\u00e9e de cette ann\u00e9e, comme l&rsquo;a confirm\u00e9 son nouveau propri\u00e9taire, Grupo Fuertes (El Pozo), dans un communiqu\u00e9 conjoint avec la cha\u00eene h\u00f4teli\u00e8re qui g\u00e9rera la \u00ab\u00a0ville des vacances\u00a0\u00bb, Hoteles Magic Costa Blanca. Dans un [&hellip;]<\/p>\n","protected":false},"author":462,"featured_media":22500,"comment_status":"open","ping_status":"closed","sticky":false,"template":"","format":"standard","meta":{"om_disable_all_campaigns":false,"_monsterinsights_skip_tracking":false,"_monsterinsights_sitenote_active":false,"_monsterinsights_sitenote_note":"","_monsterinsights_sitenote_category":0,"_uf_show_specific_survey":0,"_uf_disable_surveys":false,"footnotes":""},"categories":[212,258],"tags":[],"class_list":["post-61087","post","type-post","status-publish","format-standard","has-post-thumbnail","hentry","category-breaking-news","category-hotels-living"],"acf":[],"_links":{"self":[{"href":"https:\/\/immo.lecourrier.es\/index.php\/wp-json\/wp\/v2\/posts\/61087","targetHints":{"allow":["GET"]}}],"collection":[{"href":"https:\/\/immo.lecourrier.es\/index.php\/wp-json\/wp\/v2\/posts"}],"about":[{"href":"https:\/\/immo.lecourrier.es\/index.php\/wp-json\/wp\/v2\/types\/post"}],"author":[{"embeddable":true,"href":"https:\/\/immo.lecourrier.es\/index.php\/wp-json\/wp\/v2\/users\/462"}],"replies":[{"embeddable":true,"href":"https:\/\/immo.lecourrier.es\/index.php\/wp-json\/wp\/v2\/comments?post=61087"}],"version-history":[{"count":0,"href":"https:\/\/immo.lecourrier.es\/index.php\/wp-json\/wp\/v2\/posts\/61087\/revisions"}],"wp:featuredmedia":[{"embeddable":true,"href":"https:\/\/immo.lecourrier.es\/index.php\/wp-json\/wp\/v2\/media\/22500"}],"wp:attachment":[{"href":"https:\/\/immo.lecourrier.es\/index.php\/wp-json\/wp\/v2\/media?parent=61087"}],"wp:term":[{"taxonomy":"category","embeddable":true,"href":"https:\/\/immo.lecourrier.es\/index.php\/wp-json\/wp\/v2\/categories?post=61087"},{"taxonomy":"post_tag","embeddable":true,"href":"https:\/\/immo.lecourrier.es\/index.php\/wp-json\/wp\/v2\/tags?post=61087"}],"curies":[{"name":"wp","href":"https:\/\/api.w.org\/{rel}","templated":true}]}}