{"id":60867,"date":"2024-07-06T23:10:09","date_gmt":"2024-07-06T23:10:09","guid":{"rendered":"https:\/\/immo.lecourrier.es\/index.php\/2024\/07\/06\/immobilier-les-mesures-du-prochain-gouvernement-espagnol\/"},"modified":"2026-03-04T17:47:31","modified_gmt":"2026-03-04T17:47:31","slug":"immobilier-les-mesures-du-prochain-gouvernement-espagnol","status":"publish","type":"post","link":"https:\/\/immo.lecourrier.es\/index.php\/2024\/07\/06\/immobilier-les-mesures-du-prochain-gouvernement-espagnol\/","title":{"rendered":"Immobilier \u2013 Les mesures du prochain gouvernement espagnol"},"content":{"rendered":"<p><span style=\"color: #000000\"><span style=\"font-family: Arial\"><span style=\"font-size: small\"><strong>C&rsquo;est sur fonds de crise \u00e9conomique que le Partido Popular (PP), men\u00e9 par son leader Mariano Rajoy, a gagn\u00e9 hier les \u00e9lections g\u00e9n\u00e9rales espagnoles. Le parti conservateur a promis lors de sa campagne de nombreuses mesures pour relancer l&rsquo;\u00e9conomie. <\/strong><\/span><\/span><\/span><strong style=\"font-family: Arial;font-size: small\">Quels sont ses projets en mati\u00e8re d&rsquo;immobilier? \u00c9l\u00e9ments de r\u00e9ponse.<\/strong>  <span style=\"font-family: Arial;font-size: small\">Dans son discours \u00e0 l&rsquo;adresse des militants hier soir, Mariano Rajoy a assur\u00e9 qu&rsquo;il se mettrait au travail d\u00e8s ce lundi pour pr\u00e9parer son nouveau gouvernement et son plan d&rsquo;action. En mati\u00e8re d&rsquo;immobilier, le futur pr\u00e9sident espagnol avait annonc\u00e9 \u00eatre conscient de la crise immobili\u00e8re et de son impact sur l&rsquo;\u00e9conomie du pays. Il a annonc\u00e9 une r\u00e9duction, temporaire, de la TVA sur l&rsquo;achat et la vente de r\u00e9sidences principales et un retour de la d\u00e9duction d&rsquo;imp\u00f4ts sur le revenu (IRPF) pour acquisition d&rsquo;une r\u00e9sidence principale. Le programme du PP pr\u00e9voit \u00e9galement une simplification de l&rsquo;imposition sur la transmission du patrimoine. Le prochain gouvernement devrait par ailleurs initier un vaste programme de r\u00e9habilitation et r\u00e9novation d&rsquo;immeubles anciens, avec fractionnement des taxes et imp\u00f4ts. Il souhaite enfin favoriser des accords entre propri\u00e9taires priv\u00e9s et administrations afin d&rsquo;all\u00e9ger l&rsquo;actuel stock immobilier des uns pour permettre aux autres d\u00b4acheter \u00e0 des prix raisonnables et r\u00e9pondre ainsi aux besoins d&rsquo;acc\u00e8s au logement.<\/span>  <strong style=\"font-family: Arial;font-size: small\">Les prix continuent de chuter<\/strong>  <span style=\"font-family: Arial;font-size: small\">Des annonces accueillies avec scepticisme par la population et par les professionnels de l&rsquo;immobilier. Selon la derni\u00e8re \u00e9tude de Bankinter, sortie mi-novembre, le prix de l&rsquo;immobilier pourrait encore chuter de 6% d&rsquo;ici la fin 2013, soit une baisse globale de 30% depuis le d\u00e9but de la crise. Les raisons avanc\u00e9es: trop de stock, trop d&rsquo;offre et le refus des banques d\u2019accorder des cr\u00e9dits immobiliers. Les prix devraient remonter d\u00e9but 2014, avec une baisse du ch\u00f4mage qui entra\u00eenerait \u00e0 nouveau une forte demande.<\/span>  <span style=\"color: #000000\"><span style=\"font-family: Arial\"><span style=\"font-size: small\">AC<\/span><\/span><\/span><\/p>\n","protected":false},"excerpt":{"rendered":"<p>C&rsquo;est sur fonds de crise \u00e9conomique que le Partido Popular (PP), men\u00e9 par son leader Mariano Rajoy, a gagn\u00e9 hier les \u00e9lections g\u00e9n\u00e9rales espagnoles. Le parti conservateur a promis lors de sa campagne de nombreuses mesures pour relancer l&rsquo;\u00e9conomie. Quels sont ses projets en mati\u00e8re d&rsquo;immobilier? \u00c9l\u00e9ments de r\u00e9ponse. Dans son discours \u00e0 l&rsquo;adresse des [&hellip;]<\/p>\n","protected":false},"author":462,"featured_media":47485,"comment_status":"open","ping_status":"closed","sticky":false,"template":"","format":"standard","meta":{"om_disable_all_campaigns":false,"_monsterinsights_skip_tracking":false,"_monsterinsights_sitenote_active":false,"_monsterinsights_sitenote_note":"","_monsterinsights_sitenote_category":0,"_uf_show_specific_survey":0,"_uf_disable_surveys":false,"footnotes":""},"categories":[212],"tags":[],"class_list":["post-60867","post","type-post","status-publish","format-standard","has-post-thumbnail","hentry","category-breaking-news"],"acf":[],"_links":{"self":[{"href":"https:\/\/immo.lecourrier.es\/index.php\/wp-json\/wp\/v2\/posts\/60867","targetHints":{"allow":["GET"]}}],"collection":[{"href":"https:\/\/immo.lecourrier.es\/index.php\/wp-json\/wp\/v2\/posts"}],"about":[{"href":"https:\/\/immo.lecourrier.es\/index.php\/wp-json\/wp\/v2\/types\/post"}],"author":[{"embeddable":true,"href":"https:\/\/immo.lecourrier.es\/index.php\/wp-json\/wp\/v2\/users\/462"}],"replies":[{"embeddable":true,"href":"https:\/\/immo.lecourrier.es\/index.php\/wp-json\/wp\/v2\/comments?post=60867"}],"version-history":[{"count":0,"href":"https:\/\/immo.lecourrier.es\/index.php\/wp-json\/wp\/v2\/posts\/60867\/revisions"}],"wp:featuredmedia":[{"embeddable":true,"href":"https:\/\/immo.lecourrier.es\/index.php\/wp-json\/wp\/v2\/media\/47485"}],"wp:attachment":[{"href":"https:\/\/immo.lecourrier.es\/index.php\/wp-json\/wp\/v2\/media?parent=60867"}],"wp:term":[{"taxonomy":"category","embeddable":true,"href":"https:\/\/immo.lecourrier.es\/index.php\/wp-json\/wp\/v2\/categories?post=60867"},{"taxonomy":"post_tag","embeddable":true,"href":"https:\/\/immo.lecourrier.es\/index.php\/wp-json\/wp\/v2\/tags?post=60867"}],"curies":[{"name":"wp","href":"https:\/\/api.w.org\/{rel}","templated":true}]}}