{"id":60855,"date":"2024-07-06T23:00:07","date_gmt":"2024-07-06T23:00:07","guid":{"rendered":"https:\/\/immo.lecourrier.es\/index.php\/2024\/07\/06\/les-commerces-de-madrid-pourront-ouvrir-dimanches-et-jours-feries\/"},"modified":"2026-03-04T17:33:06","modified_gmt":"2026-03-04T17:33:06","slug":"les-commerces-de-madrid-pourront-ouvrir-dimanches-et-jours-feries","status":"publish","type":"post","link":"https:\/\/immo.lecourrier.es\/index.php\/2024\/07\/06\/les-commerces-de-madrid-pourront-ouvrir-dimanches-et-jours-feries\/","title":{"rendered":"Les commerces de Madrid pourront ouvrir dimanches et jours f\u00e9ri\u00e9s"},"content":{"rendered":"<p><strong> La communaut\u00e9 autonome s\u2019appr\u00eate \u00e0 prendre des mesures in\u00e9dites en Espagne. Une lib\u00e9ralisation du commerce destin\u00e9e \u00e0 redynamiser la situation \u00e9conomique de la r\u00e9gion.<\/strong>  Le projet de loi, approuv\u00e9 jeudi dernier au Conseil du Gouvernement autonome pr\u00e9sid\u00e9 par Esperanza Aguirre, est une premi\u00e8re en Espagne, traditionnellement peu interventionniste dans le domaine \u00e9conomique. La communaut\u00e9 de Madrid souhaite dans un premier temps supprimer la demande de licence pour l&rsquo;ouverture d&rsquo;un commerce. Avant toute ouverture ou travaux, le commer\u00e7ant devait jusqu&rsquo;ici demander une autorisation \u00e0 la mairie, un processus administratif qui pouvait prendre plusieurs mois voire des ann\u00e9es. Une simple d\u00e9claration sur l&rsquo;honneur, assurant le respect des normes en vigueur, et le paiement de la taxe correspondante suffiront d\u00e9sormais, et serviront de licence d&rsquo;ouverture. La commune pourra ensuite effectuer des contr\u00f4les et sanctionner les fraudeurs.  <strong>Horaires libres pour tous<\/strong>  Dans la premi\u00e8re version du projet, Madrid souhaitait flexibiliser les horaires d&rsquo;ouverture des commerces de moins de 700 m\u00e8tres carr\u00e9s et appartenant \u00e0 des secteurs sp\u00e9cifiques. Des restrictions qui ont disparu du projet d\u00e9finitif, suite \u00e0 plusieurs \u00e9tudes ayant prouv\u00e9 qu&rsquo;elles n&rsquo;avaient ni effet ni justification. La loi donnera donc une libert\u00e9 absolue \u00e0 tous les commer\u00e7ants, qui pourront d\u00e9cider eux-m\u00eames et selon leurs besoins d&rsquo;ouvrir ou non le dimanche et les jours f\u00e9ri\u00e9s. Pour le Conseiller \u00e0 l\u2019\u00c9conomie du gouvernement autonome, Percival Manglano, ces nouvelles mesures lib\u00e9rales favoriseront la cr\u00e9ation de plus de 20 000 emplois et une augmentation du PIB madril\u00e8ne de 0,6%. La capitale reste la r\u00e9gion la plus dynamique du pays pour le commerce de d\u00e9tail. Ces dix derni\u00e8res ann\u00e9es, le nombre de locaux commerciaux a augment\u00e9 de 1,6% dans la communaut\u00e9 autonome alors qu&rsquo;elle a chut\u00e9 de 1,8% sur le territoire national. Le texte devrait \u00eatre approuv\u00e9 en mars prochain par l\u2019Assembl\u00e9e de Madrid.  AC<\/p>\n","protected":false},"excerpt":{"rendered":"<p>La communaut\u00e9 autonome s\u2019appr\u00eate \u00e0 prendre des mesures in\u00e9dites en Espagne. Une lib\u00e9ralisation du commerce destin\u00e9e \u00e0 redynamiser la situation \u00e9conomique de la r\u00e9gion. Le projet de loi, approuv\u00e9 jeudi dernier au Conseil du Gouvernement autonome pr\u00e9sid\u00e9 par Esperanza Aguirre, est une premi\u00e8re en Espagne, traditionnellement peu interventionniste dans le domaine \u00e9conomique. La communaut\u00e9 de [&hellip;]<\/p>\n","protected":false},"author":462,"featured_media":47439,"comment_status":"open","ping_status":"closed","sticky":false,"template":"","format":"standard","meta":{"om_disable_all_campaigns":false,"_monsterinsights_skip_tracking":false,"_monsterinsights_sitenote_active":false,"_monsterinsights_sitenote_note":"","_monsterinsights_sitenote_category":0,"_uf_show_specific_survey":0,"_uf_disable_surveys":false,"footnotes":""},"categories":[212],"tags":[],"class_list":["post-60855","post","type-post","status-publish","format-standard","has-post-thumbnail","hentry","category-breaking-news"],"acf":[],"_links":{"self":[{"href":"https:\/\/immo.lecourrier.es\/index.php\/wp-json\/wp\/v2\/posts\/60855","targetHints":{"allow":["GET"]}}],"collection":[{"href":"https:\/\/immo.lecourrier.es\/index.php\/wp-json\/wp\/v2\/posts"}],"about":[{"href":"https:\/\/immo.lecourrier.es\/index.php\/wp-json\/wp\/v2\/types\/post"}],"author":[{"embeddable":true,"href":"https:\/\/immo.lecourrier.es\/index.php\/wp-json\/wp\/v2\/users\/462"}],"replies":[{"embeddable":true,"href":"https:\/\/immo.lecourrier.es\/index.php\/wp-json\/wp\/v2\/comments?post=60855"}],"version-history":[{"count":0,"href":"https:\/\/immo.lecourrier.es\/index.php\/wp-json\/wp\/v2\/posts\/60855\/revisions"}],"wp:featuredmedia":[{"embeddable":true,"href":"https:\/\/immo.lecourrier.es\/index.php\/wp-json\/wp\/v2\/media\/47439"}],"wp:attachment":[{"href":"https:\/\/immo.lecourrier.es\/index.php\/wp-json\/wp\/v2\/media?parent=60855"}],"wp:term":[{"taxonomy":"category","embeddable":true,"href":"https:\/\/immo.lecourrier.es\/index.php\/wp-json\/wp\/v2\/categories?post=60855"},{"taxonomy":"post_tag","embeddable":true,"href":"https:\/\/immo.lecourrier.es\/index.php\/wp-json\/wp\/v2\/tags?post=60855"}],"curies":[{"name":"wp","href":"https:\/\/api.w.org\/{rel}","templated":true}]}}