{"id":60848,"date":"2024-07-06T22:50:10","date_gmt":"2024-07-06T22:50:10","guid":{"rendered":"https:\/\/immo.lecourrier.es\/index.php\/2024\/07\/06\/espagne-creation-dune-centrale-publique-dachats-a-valence\/"},"modified":"2026-03-04T17:27:21","modified_gmt":"2026-03-04T17:27:21","slug":"espagne-creation-dune-centrale-publique-dachats-a-valence","status":"publish","type":"post","link":"https:\/\/immo.lecourrier.es\/index.php\/2024\/07\/06\/espagne-creation-dune-centrale-publique-dachats-a-valence\/","title":{"rendered":"Espagne: cr\u00e9ation d&rsquo;une centrale publique d&rsquo;achats \u00e0 Valence"},"content":{"rendered":"<p><strong>Dans le cadre de son plan de r\u00e9duction des co\u00fbts, la communaut\u00e9 autonome de Valence a annonc\u00e9 la cr\u00e9ation d\u2019une centrale d\u2019achats de biens et services, d\u00e9di\u00e9e aux administrations publiques de la r\u00e9gion.<\/strong>  &nbsp;  &nbsp;  &nbsp;  \u00ab<em>Dans la conjoncture actuelle, il faut faire un effort pour cr\u00e9er des solutions qui permettront de faire les \u00e9conomies n\u00e9cessaires pour g\u00e9n\u00e9rer de la croissance<\/em>\u00bb a expliqu\u00e9 le vice-pr\u00e9sident du gouvernement autonome Jose Ciscar. La r\u00e9gion de Valence a donc d\u00e9cid\u00e9 la mise en place d&rsquo;une centrale d&rsquo;achats qui pourrait permettre d&rsquo;\u00e9conomiser plus de 88 millions d&rsquo;euros par an, soit une baisse de 15% des d\u00e9penses dans ce secteur, selon la Generalitat. La nouvelle mesure s&rsquo;appuiera en effet sur des \u00e9conomies d&rsquo;\u00e9chelles pour r\u00e9duire les co\u00fbts. Elle sera \u00e9galement un v\u00e9ritable outil de contr\u00f4le des d\u00e9penses et de gestion optimale des ressources, en temps r\u00e9el.  <strong>Mise en place avant fin 2012<\/strong>  Les administrations d\u00e9pendant de la Generalitat de Valence, les entit\u00e9s de droit public, les soci\u00e9t\u00e9s publiques et les fondations auront l&rsquo;obligation de centraliser leurs achats. L&rsquo;utilisation de la centrale d&rsquo;achats sera en revanche volontaire pour les universit\u00e9s et les entit\u00e9s locales. Le secteur de la sant\u00e9 ne sera pas tenu de recourir au nouveau syst\u00e8me puisqu&rsquo;il dispose d\u00e9j\u00e0 de sa propre centrale d&rsquo;achats. La nouvelle mesure se mettra en place petit \u00e0 petit, avec dans un premier temps une \u00e9valuation des besoins r\u00e9els et de nouveaux appels d&rsquo;offres. La centrale d&rsquo;achats devrait \u00eatre totalement op\u00e9rationnelle avant la fin de l&rsquo;ann\u00e9e.  AC<\/p>\n","protected":false},"excerpt":{"rendered":"<p>Dans le cadre de son plan de r\u00e9duction des co\u00fbts, la communaut\u00e9 autonome de Valence a annonc\u00e9 la cr\u00e9ation d\u2019une centrale d\u2019achats de biens et services, d\u00e9di\u00e9e aux administrations publiques de la r\u00e9gion. &nbsp; &nbsp; &nbsp; \u00abDans la conjoncture actuelle, il faut faire un effort pour cr\u00e9er des solutions qui permettront de faire les \u00e9conomies [&hellip;]<\/p>\n","protected":false},"author":462,"featured_media":47409,"comment_status":"open","ping_status":"closed","sticky":false,"template":"","format":"standard","meta":{"om_disable_all_campaigns":false,"_monsterinsights_skip_tracking":false,"_monsterinsights_sitenote_active":false,"_monsterinsights_sitenote_note":"","_monsterinsights_sitenote_category":0,"_uf_show_specific_survey":0,"_uf_disable_surveys":false,"footnotes":""},"categories":[212],"tags":[],"class_list":["post-60848","post","type-post","status-publish","format-standard","has-post-thumbnail","hentry","category-breaking-news"],"acf":[],"_links":{"self":[{"href":"https:\/\/immo.lecourrier.es\/index.php\/wp-json\/wp\/v2\/posts\/60848","targetHints":{"allow":["GET"]}}],"collection":[{"href":"https:\/\/immo.lecourrier.es\/index.php\/wp-json\/wp\/v2\/posts"}],"about":[{"href":"https:\/\/immo.lecourrier.es\/index.php\/wp-json\/wp\/v2\/types\/post"}],"author":[{"embeddable":true,"href":"https:\/\/immo.lecourrier.es\/index.php\/wp-json\/wp\/v2\/users\/462"}],"replies":[{"embeddable":true,"href":"https:\/\/immo.lecourrier.es\/index.php\/wp-json\/wp\/v2\/comments?post=60848"}],"version-history":[{"count":0,"href":"https:\/\/immo.lecourrier.es\/index.php\/wp-json\/wp\/v2\/posts\/60848\/revisions"}],"wp:featuredmedia":[{"embeddable":true,"href":"https:\/\/immo.lecourrier.es\/index.php\/wp-json\/wp\/v2\/media\/47409"}],"wp:attachment":[{"href":"https:\/\/immo.lecourrier.es\/index.php\/wp-json\/wp\/v2\/media?parent=60848"}],"wp:term":[{"taxonomy":"category","embeddable":true,"href":"https:\/\/immo.lecourrier.es\/index.php\/wp-json\/wp\/v2\/categories?post=60848"},{"taxonomy":"post_tag","embeddable":true,"href":"https:\/\/immo.lecourrier.es\/index.php\/wp-json\/wp\/v2\/tags?post=60848"}],"curies":[{"name":"wp","href":"https:\/\/api.w.org\/{rel}","templated":true}]}}