{"id":60845,"date":"2024-07-06T22:45:10","date_gmt":"2024-07-06T22:45:10","guid":{"rendered":"https:\/\/immo.lecourrier.es\/index.php\/2024\/07\/06\/cic-iberbanco-symbole-du-tonus-hispano-francais\/"},"modified":"2026-03-04T17:21:44","modified_gmt":"2026-03-04T17:21:44","slug":"cic-iberbanco-symbole-du-tonus-hispano-francais","status":"publish","type":"post","link":"https:\/\/immo.lecourrier.es\/index.php\/2024\/07\/06\/cic-iberbanco-symbole-du-tonus-hispano-francais\/","title":{"rendered":"CIC Iberbanco, symbole du tonus hispano-fran\u00e7ais"},"content":{"rendered":"<p><figure id=\"attachment_217\" aria-describedby=\"caption-attachment-217\" style=\"width: 300px\" class=\"wp-caption alignleft\"><figcaption id=\"caption-attachment-217\" class=\"wp-caption-text\">Mme Adelina Serrania, Directrice de L\u2019agence CIC IBB Op\u00e9ra, M. Jos\u00e9 Miguel Garrido, Pr\u00e9sident du CIC Iberbanco, M. Antonio Silva, Pr\u00e9sident de l\u2019Agence pour l\u2019Investissement et Commerce Externe Portugais, M. Ant\u00f3nio Alonso, Pr\u00e9sident de la Chambre de Commerce Franco-espagnole, et M. Hermano Sanches Ruivo, Conseiller de Paris et du 14\u00e8me arrondissement.<\/figcaption><\/figure>\n<p>  La nouvelle agence\u00a0CIC\u00a0Iberbanco Op\u00e9ra a ouvert ses portes en d\u00e9cembre 2011 \u00e0 Paris. Un signe du fort d\u00e9veloppement des relations entre les deux pays. Le Groupe bancaire s&rsquo;installe sur un axe hispano-fran\u00e7ais en forte croissance et l&rsquo;ouverture de cette agence illustre la bonne sant\u00e9 de l&rsquo;entit\u00e9 et des \u00e9changes commerciaux entre la France et l&rsquo;Espagne.  &nbsp;  &nbsp;  L\u2019inauguration a eu lieu en d\u00e9cembre en pr\u00e9sence de\u00a0: M.\u00a0Jos\u00e9 Miguel Garrido, Pr\u00e9sident du\u00a0CIC\u00a0Iberbanco,\u00a0 M. Antonio Silva, Pr\u00e9sident de l\u2019Agence pour l\u2019Investissement et Commerce Externe Portugais, M. Hermano Sanches Ruivo, Conseiller de Paris et du 14<sup>\u00e8me<\/sup>\u00a0arrondissement, et M. Ant\u00f3nio Alonso, Pr\u00e9sident de la Chambre de Commerce Franco-espagnole.\u00a0Mme Adelina Serrania la directrice de la nouvelle agence\u00a0CIC\u00a0Iberbanco Op\u00e9ra, est assist\u00e9e par M. Victor de Carvalho (conseiller professionnel), et MM. Jonathan Valle, Hugo Toranzo et Emmanuel Bastos (conseillers de client\u00e8le). La directrice se consid\u00e8re comme un \u00ab banquier de proximit\u00e9 \u00bb avec le souhait d\u2019\u00eatre proche de la communaut\u00e9 ib\u00e9rique, dont la majorit\u00e9 vit \u00e0 Paris.  Pour M. Jos\u00e9 Miguel Garrido, \u00ab\u00a0cette implantation nous permet de jouer encore mieux la carte de la proximit\u00e9, un emplacement bien situ\u00e9 et accessible. Cette nouvelle agence ne vise qu\u2019un seul objectif\u00a0: la satisfaction de nos clients. Il aura fallu de nombreux mois de r\u00e9flexion, mais maintenant nous avons une tr\u00e8s belle agence, avec un accueil et une r\u00e9ception accessibles et personnalis\u00e9s, et 6 grands bureaux. Tous les conseillers sont bilingues ou trilingues, ce qui favorise la proximit\u00e9 avec nos clients\u00a0!\u00a0\u00bb  A l\u2019occasion de cette ouverture, une \u00aboffre de bienvenue\u00bb est r\u00e9serv\u00e9e aux nouveaux clients, d\u00e9clin\u00e9e notamment\u00a0 par un Pr\u00eat Immobilier \u00e0 un taux privil\u00e9gi\u00e9, et 50% de r\u00e9duction sur les frais de dossier\u00a0; mais aussi un Cr\u00e9dit projets\u00a0\u00ab\u00e0 partir de 2,90% TAEG fixe sans frais de dossier\u00a0\u00bb\u00a0; sans oublier la possibilit\u00e9 d\u2019offrir deux mois\u00a0 gratuits pour les assurances automobiles et habitation\u00a0; un livret de bienvenue \u00e0 un taux exceptionnel de 5% bruts, disponible \u00e0 tout moment\u00a0; et deux mois offerts sur votre forfait\u00a0CIC\u00a0mobile\u00a0!  CIC Iberbanco s&rsquo;adresse aux PME espagnoles et aux particuliers qui investissent ou s&rsquo;installent en France. Un march\u00e9 en tr\u00e8s forte hausse accompagn\u00e9 par la forte augmentation des exportations espagnoles.  PC<\/p>\n","protected":false},"excerpt":{"rendered":"<p>Mme Adelina Serrania, Directrice de L\u2019agence CIC IBB Op\u00e9ra, M. Jos\u00e9 Miguel Garrido, Pr\u00e9sident du CIC Iberbanco, M. Antonio Silva, Pr\u00e9sident de l\u2019Agence pour l\u2019Investissement et Commerce Externe Portugais, M. Ant\u00f3nio Alonso, Pr\u00e9sident de la Chambre de Commerce Franco-espagnole, et M. Hermano Sanches Ruivo, Conseiller de Paris et du 14\u00e8me arrondissement. La nouvelle agence\u00a0CIC\u00a0Iberbanco Op\u00e9ra [&hellip;]<\/p>\n","protected":false},"author":462,"featured_media":40926,"comment_status":"open","ping_status":"closed","sticky":false,"template":"","format":"standard","meta":{"om_disable_all_campaigns":false,"_monsterinsights_skip_tracking":false,"_monsterinsights_sitenote_active":false,"_monsterinsights_sitenote_note":"","_monsterinsights_sitenote_category":0,"_uf_show_specific_survey":0,"_uf_disable_surveys":false,"footnotes":""},"categories":[212],"tags":[],"class_list":["post-60845","post","type-post","status-publish","format-standard","has-post-thumbnail","hentry","category-breaking-news"],"acf":[],"_links":{"self":[{"href":"https:\/\/immo.lecourrier.es\/index.php\/wp-json\/wp\/v2\/posts\/60845","targetHints":{"allow":["GET"]}}],"collection":[{"href":"https:\/\/immo.lecourrier.es\/index.php\/wp-json\/wp\/v2\/posts"}],"about":[{"href":"https:\/\/immo.lecourrier.es\/index.php\/wp-json\/wp\/v2\/types\/post"}],"author":[{"embeddable":true,"href":"https:\/\/immo.lecourrier.es\/index.php\/wp-json\/wp\/v2\/users\/462"}],"replies":[{"embeddable":true,"href":"https:\/\/immo.lecourrier.es\/index.php\/wp-json\/wp\/v2\/comments?post=60845"}],"version-history":[{"count":0,"href":"https:\/\/immo.lecourrier.es\/index.php\/wp-json\/wp\/v2\/posts\/60845\/revisions"}],"wp:featuredmedia":[{"embeddable":true,"href":"https:\/\/immo.lecourrier.es\/index.php\/wp-json\/wp\/v2\/media\/40926"}],"wp:attachment":[{"href":"https:\/\/immo.lecourrier.es\/index.php\/wp-json\/wp\/v2\/media?parent=60845"}],"wp:term":[{"taxonomy":"category","embeddable":true,"href":"https:\/\/immo.lecourrier.es\/index.php\/wp-json\/wp\/v2\/categories?post=60845"},{"taxonomy":"post_tag","embeddable":true,"href":"https:\/\/immo.lecourrier.es\/index.php\/wp-json\/wp\/v2\/tags?post=60845"}],"curies":[{"name":"wp","href":"https:\/\/api.w.org\/{rel}","templated":true}]}}