{"id":60839,"date":"2024-07-06T22:40:10","date_gmt":"2024-07-06T22:40:10","guid":{"rendered":"https:\/\/immo.lecourrier.es\/index.php\/2024\/07\/06\/british-airways-rouvre-ses-lignes-vers-les-iles-baleares\/"},"modified":"2026-03-04T17:20:08","modified_gmt":"2026-03-04T17:20:08","slug":"british-airways-rouvre-ses-lignes-vers-les-iles-baleares","status":"publish","type":"post","link":"https:\/\/immo.lecourrier.es\/index.php\/2024\/07\/06\/british-airways-rouvre-ses-lignes-vers-les-iles-baleares\/","title":{"rendered":"British Airways rouvre ses lignes vers les \u00eeles Bal\u00e9ares"},"content":{"rendered":"<p><strong>La compagnie britannique British Airways a d\u00e9cid\u00e9 de relancer ses vols vers Ibiza et Palma de Majorque depuis l\u2019a\u00e9roport London City, un des 6 a\u00e9roports les plus proches du centre.\u00a0<\/strong><strong>A cela s&rsquo;ajoute un nouvel itin\u00e9raire en destination de Minorque \u00e0 partir du 25 mai. Les \u00eeles Bal\u00e9ares sont \u00e0 l\u2019honneur cet \u00e9t\u00e9.<\/strong>  A partir du 25 mars prochain jusqu\u2019au 28 octobre, British Airways assurera 3 vols hebdomadaires depuis Londres en direction de Palma de Majorque et Ibiza, des vols qui seront de plus en plus fr\u00e9quents pendant la haute saison. L\u2019a\u00e9roport de London City ne sera pas le seul \u00e0 desservir les \u00eeles Bal\u00e9ares, le plus grand a\u00e9roport londonien, Gatwick, assurera aussi une liaison vers Ibiza du 26 mai au 27 octobre.  <strong>Une nouvelle destination: Minorque<\/strong>  L\u2019a\u00e9roport de London City va desservir Minorque \u00e0 partir du 25 mai prochain. La compagnie britannique pr\u00e9voit \u00e9galement 3 vols aller\/retour pour cette destination les lundis, mercredis et vendredis. Cette destination sera assur\u00e9e pendant tout l\u2019\u00e9t\u00e9 jusqu\u2019au 28 septembre. Les \u00eeles Bal\u00e9ares ont toujours \u00e9t\u00e9 un r\u00e9el succ\u00e8s aupr\u00e8s des passagers, il y a une forte demande pour les courts s\u00e9jours ou seulement pour les week-ends. L\u2019ann\u00e9e derni\u00e8re, British Airways a mis\u00e9 pour la premi\u00e8re fois sur les \u00eeles Bal\u00e9ares en ouvrant des lignes en provenance de Londres\u00a0vers Palma de Majorque et Ibiza. Pendant l\u2019ann\u00e9e 2011, le trafic de l\u2019a\u00e9roport de Minorque a atteint 2.576.209 passagers, 2.6% de plus qu\u2019en 2010.\u00a0 La saison estivale a \u00e9t\u00e9 un v\u00e9ritable succ\u00e8s pour l\u2019a\u00e9roport, il y a eu 496.787 passagers en Juillet, et 540.372 en Ao\u00fbt. En ce qui concerne les voyageurs en provenance de Londres, l\u2019a\u00e9roport\u00a0 a enregistr\u00e9 un total de 263.570 passagers de mai jusqu\u2019en septembre 2011.  D&rsquo;autre part le conseiller du Tourisme Carlos Delgado a sollicit\u00e9 cette semaine une baisse du prix des vols entre les \u00eeles d&rsquo;environ 25%.  Majorque et Minorque sont de plus en plus courtis\u00e9es par les europ\u00e9ens et se pr\u00e9sentent comme des concurrents de plus en plus f\u00e9roces face \u00e0 Marbella par exemple.  Loren GC<\/p>\n","protected":false},"excerpt":{"rendered":"<p>La compagnie britannique British Airways a d\u00e9cid\u00e9 de relancer ses vols vers Ibiza et Palma de Majorque depuis l\u2019a\u00e9roport London City, un des 6 a\u00e9roports les plus proches du centre.\u00a0A cela s&rsquo;ajoute un nouvel itin\u00e9raire en destination de Minorque \u00e0 partir du 25 mai. Les \u00eeles Bal\u00e9ares sont \u00e0 l\u2019honneur cet \u00e9t\u00e9. A partir du [&hellip;]<\/p>\n","protected":false},"author":462,"featured_media":47383,"comment_status":"open","ping_status":"closed","sticky":false,"template":"","format":"standard","meta":{"om_disable_all_campaigns":false,"_monsterinsights_skip_tracking":false,"_monsterinsights_sitenote_active":false,"_monsterinsights_sitenote_note":"","_monsterinsights_sitenote_category":0,"_uf_show_specific_survey":0,"_uf_disable_surveys":false,"footnotes":""},"categories":[212],"tags":[],"class_list":["post-60839","post","type-post","status-publish","format-standard","has-post-thumbnail","hentry","category-breaking-news"],"acf":[],"_links":{"self":[{"href":"https:\/\/immo.lecourrier.es\/index.php\/wp-json\/wp\/v2\/posts\/60839","targetHints":{"allow":["GET"]}}],"collection":[{"href":"https:\/\/immo.lecourrier.es\/index.php\/wp-json\/wp\/v2\/posts"}],"about":[{"href":"https:\/\/immo.lecourrier.es\/index.php\/wp-json\/wp\/v2\/types\/post"}],"author":[{"embeddable":true,"href":"https:\/\/immo.lecourrier.es\/index.php\/wp-json\/wp\/v2\/users\/462"}],"replies":[{"embeddable":true,"href":"https:\/\/immo.lecourrier.es\/index.php\/wp-json\/wp\/v2\/comments?post=60839"}],"version-history":[{"count":0,"href":"https:\/\/immo.lecourrier.es\/index.php\/wp-json\/wp\/v2\/posts\/60839\/revisions"}],"wp:featuredmedia":[{"embeddable":true,"href":"https:\/\/immo.lecourrier.es\/index.php\/wp-json\/wp\/v2\/media\/47383"}],"wp:attachment":[{"href":"https:\/\/immo.lecourrier.es\/index.php\/wp-json\/wp\/v2\/media?parent=60839"}],"wp:term":[{"taxonomy":"category","embeddable":true,"href":"https:\/\/immo.lecourrier.es\/index.php\/wp-json\/wp\/v2\/categories?post=60839"},{"taxonomy":"post_tag","embeddable":true,"href":"https:\/\/immo.lecourrier.es\/index.php\/wp-json\/wp\/v2\/tags?post=60839"}],"curies":[{"name":"wp","href":"https:\/\/api.w.org\/{rel}","templated":true}]}}