{"id":60831,"date":"2024-07-06T22:35:04","date_gmt":"2024-07-06T22:35:04","guid":{"rendered":"https:\/\/immo.lecourrier.es\/index.php\/2024\/07\/06\/catalogne-de-nouvelles-mesures-pour-attirer-les-capitaux-etrangers\/"},"modified":"2026-03-04T17:11:11","modified_gmt":"2026-03-04T17:11:11","slug":"catalogne-de-nouvelles-mesures-pour-attirer-les-capitaux-etrangers","status":"publish","type":"post","link":"https:\/\/immo.lecourrier.es\/index.php\/2024\/07\/06\/catalogne-de-nouvelles-mesures-pour-attirer-les-capitaux-etrangers\/","title":{"rendered":"Catalogne : de nouvelles mesures pour attirer les capitaux \u00e9trangers"},"content":{"rendered":"<p><strong>Le gouvernement autonome catalan a annonc\u00e9 son nouveau plan d&rsquo;attaque pour encourager les investissements \u00e9trangers dans la r\u00e9gion mais aussi aider les entreprises locales \u00e0 s&rsquo;internationaliser.<\/strong>  Le conseiller \u00e0 l&#8217;emploi et aux entreprises de Catalogne, Francesc Xavier Mena, a annonc\u00e9 lundi 20 f\u00e9vrier de nouvelles mesures pour encourager les investissements de capitaux \u00e9trangers dans la r\u00e9gion. Objectif\u00a0: capter 22% des investissements \u00e9trangers effectu\u00e9s en Espagne d&rsquo;ici 2014, contre 17% actuellement. Le gouvernement autonome a soulign\u00e9 qu&rsquo;il avait d\u00e9j\u00e0 r\u00e9ussi \u00e0 attirer des entreprises comme Fujitsu ou Tech Data en Catalogne, lesquelles y ont install\u00e9 leur si\u00e8ge europ\u00e9en. Il souhaite donc redoubler d&rsquo;efforts pour attirer 600 millions d&rsquo;euros de capitaux \u00e9trangers d&rsquo;ici deux ans. Une op\u00e9ration que la r\u00e9gion m\u00e8nera notamment via son r\u00e9seau international de centres pour la promotion commerciale de la Catalogne,\u00a0ACC1\u00d3, qui compte d\u00e9j\u00e0 34 repr\u00e9sentations dans le monde.  <strong>Exportation et innovation<\/strong>  Le gouvernement catalan d&rsquo;Artur Mas souhaite \u00e9galement encourager les entreprises locales \u00e0 s&rsquo;internationaliser. Aujourd&rsquo;hui, 40 000 entreprises catalanes exportent \u00e0 l&rsquo;\u00e9tranger, dont seulement 13 500 de mani\u00e8re r\u00e9guli\u00e8re. Des actions de sensibilisation et d&rsquo;initiation \u00e0 l&rsquo;exportation seront organis\u00e9es afin d&rsquo;amener 1500 entreprises de plus \u00e0 exporter de mani\u00e8re r\u00e9guli\u00e8re avant la fin de l&rsquo;ann\u00e9e 2014. Francesc Xavier Mena a par ailleurs rappel\u00e9 la \u00ab\u00a0<em>vocation industrielle de la Catalogne<\/em>\u00a0\u00bb, ajoutant que des mesures seraient prises pour encourager des moyens de financement alternatifs comme les \u00ab\u00a0business angels\u00a0\u00bb ou le \u00ab\u00a0venture capital\u00a0\u00bb. Le nouveau plan du gouvernement catalan souhaite enfin donner un coup d\u2019acc\u00e9l\u00e9rateur aux domaines de la recherche et de l&rsquo;innovation. Il travaillera notamment sur une meilleure efficacit\u00e9 des centres d&rsquo;investigation pour que le secteur de la recherche et d\u00e9veloppement atteigne les standards europ\u00e9ens de 3% du PIB, alors qu&rsquo;il n&rsquo;en repr\u00e9sente aujourd&rsquo;hui que 1,63%.  AC  <strong style=\"font-size: small;font-family: 'Times New Roman', serif\"> <\/strong>  &nbsp;<\/p>\n","protected":false},"excerpt":{"rendered":"<p>Le gouvernement autonome catalan a annonc\u00e9 son nouveau plan d&rsquo;attaque pour encourager les investissements \u00e9trangers dans la r\u00e9gion mais aussi aider les entreprises locales \u00e0 s&rsquo;internationaliser. Le conseiller \u00e0 l&#8217;emploi et aux entreprises de Catalogne, Francesc Xavier Mena, a annonc\u00e9 lundi 20 f\u00e9vrier de nouvelles mesures pour encourager les investissements de capitaux \u00e9trangers dans la [&hellip;]<\/p>\n","protected":false},"author":462,"featured_media":47357,"comment_status":"open","ping_status":"closed","sticky":false,"template":"","format":"standard","meta":{"om_disable_all_campaigns":false,"_monsterinsights_skip_tracking":false,"_monsterinsights_sitenote_active":false,"_monsterinsights_sitenote_note":"","_monsterinsights_sitenote_category":0,"_uf_show_specific_survey":0,"_uf_disable_surveys":false,"footnotes":""},"categories":[212],"tags":[],"class_list":["post-60831","post","type-post","status-publish","format-standard","has-post-thumbnail","hentry","category-breaking-news"],"acf":[],"_links":{"self":[{"href":"https:\/\/immo.lecourrier.es\/index.php\/wp-json\/wp\/v2\/posts\/60831","targetHints":{"allow":["GET"]}}],"collection":[{"href":"https:\/\/immo.lecourrier.es\/index.php\/wp-json\/wp\/v2\/posts"}],"about":[{"href":"https:\/\/immo.lecourrier.es\/index.php\/wp-json\/wp\/v2\/types\/post"}],"author":[{"embeddable":true,"href":"https:\/\/immo.lecourrier.es\/index.php\/wp-json\/wp\/v2\/users\/462"}],"replies":[{"embeddable":true,"href":"https:\/\/immo.lecourrier.es\/index.php\/wp-json\/wp\/v2\/comments?post=60831"}],"version-history":[{"count":0,"href":"https:\/\/immo.lecourrier.es\/index.php\/wp-json\/wp\/v2\/posts\/60831\/revisions"}],"wp:featuredmedia":[{"embeddable":true,"href":"https:\/\/immo.lecourrier.es\/index.php\/wp-json\/wp\/v2\/media\/47357"}],"wp:attachment":[{"href":"https:\/\/immo.lecourrier.es\/index.php\/wp-json\/wp\/v2\/media?parent=60831"}],"wp:term":[{"taxonomy":"category","embeddable":true,"href":"https:\/\/immo.lecourrier.es\/index.php\/wp-json\/wp\/v2\/categories?post=60831"},{"taxonomy":"post_tag","embeddable":true,"href":"https:\/\/immo.lecourrier.es\/index.php\/wp-json\/wp\/v2\/tags?post=60831"}],"curies":[{"name":"wp","href":"https:\/\/api.w.org\/{rel}","templated":true}]}}