{"id":60820,"date":"2024-07-06T22:20:11","date_gmt":"2024-07-06T22:20:11","guid":{"rendered":"https:\/\/immo.lecourrier.es\/index.php\/2024\/07\/06\/le-bresil-la-6e-economie-mondiale\/"},"modified":"2026-03-04T16:56:13","modified_gmt":"2026-03-04T16:56:13","slug":"le-bresil-la-6e-economie-mondiale","status":"publish","type":"post","link":"https:\/\/immo.lecourrier.es\/index.php\/2024\/07\/06\/le-bresil-la-6e-economie-mondiale\/","title":{"rendered":"Le Br\u00e9sil, la 6e \u00e9conomie mondiale"},"content":{"rendered":"<p><strong>L\u2019institut britannique du centre de recherche des \u00e9conomies et des affaires (CEBR) avait annonc\u00e9 en fin d\u2019ann\u00e9e que le Br\u00e9sil pourrait devenir la 6<sup>e<\/sup> \u00e9conomie mondiale, d\u00e9passant le Royaume-Uni.<\/strong> \u00a0 En 2011, le Br\u00e9sil a re\u00e7u 65 milliard de dollars rien que pour les investissements \u00e9trangers, son \u00e9conomie a augment\u00e9 de 2.7%, alors que l\u2019\u00e9conomie du Royaume-Uni n\u2019a augment\u00e9 que de 0.8%. Le Br\u00e9sil a l\u2019une des \u00e9conomies qui monte le plus rapidement mais gr\u00e2ce \u00e0 quoi\u00a0? Le pays latino-am\u00e9ricain profite d\u2019un boom \u00e9conomique suite \u00e0 la hausse du prix du p\u00e9trole mais \u00e9galement de l\u2019alimentaire. Le Br\u00e9sil est le 9<sup>e<\/sup> producteur de p\u00e9trole, et poss\u00e8de encore de nombreuses r\u00e9serves. \u00c0 l\u2019avenir, le gouvernement souhaiterait faire parti des 5 premiers. <strong>La nouvelle puissance\u00a0: le BRIC<\/strong> Le Br\u00e9sil repr\u00e9sente l\u2019\u00e9conomie la plus importante d\u2019Am\u00e9rique Latine. Il fait parti du BRIC, avec la Russie, l\u2019Inde et la Chine. Selon le CEBR, d\u2019ici 2020, le BRIC sera parmi les 6 premi\u00e8res puissances \u00e9conomiques mondiales. Le Br\u00e9sil a toutes ses chances, il accueille \u00e9galement deux grands \u00e9v\u00e8nements qui p\u00e8seront lourd dans la balance \u00e9conomique\u00a0: le Mondial de Football en 2014, et les Jeux Olympiques en 2016. L\u2019Espagne a bien compris l\u2019enjeu \u00e9conomique de ce pays \u00e9mergent, plusieurs entreprises espagnoles avaient propos\u00e9 un appel d\u2019offre pour la privatisation de 3 a\u00e9roports au Br\u00e9sil. Loren.GC<\/p>\n","protected":false},"excerpt":{"rendered":"<p>L\u2019institut britannique du centre de recherche des \u00e9conomies et des affaires (CEBR) avait annonc\u00e9 en fin d\u2019ann\u00e9e que le Br\u00e9sil pourrait devenir la 6e \u00e9conomie mondiale, d\u00e9passant le Royaume-Uni. \u00a0 En 2011, le Br\u00e9sil a re\u00e7u 65 milliard de dollars rien que pour les investissements \u00e9trangers, son \u00e9conomie a augment\u00e9 de 2.7%, alors que l\u2019\u00e9conomie [&hellip;]<\/p>\n","protected":false},"author":462,"featured_media":47319,"comment_status":"open","ping_status":"closed","sticky":false,"template":"","format":"standard","meta":{"om_disable_all_campaigns":false,"_monsterinsights_skip_tracking":false,"_monsterinsights_sitenote_active":false,"_monsterinsights_sitenote_note":"","_monsterinsights_sitenote_category":0,"_uf_show_specific_survey":0,"_uf_disable_surveys":false,"footnotes":""},"categories":[212],"tags":[],"class_list":["post-60820","post","type-post","status-publish","format-standard","has-post-thumbnail","hentry","category-breaking-news"],"acf":[],"_links":{"self":[{"href":"https:\/\/immo.lecourrier.es\/index.php\/wp-json\/wp\/v2\/posts\/60820","targetHints":{"allow":["GET"]}}],"collection":[{"href":"https:\/\/immo.lecourrier.es\/index.php\/wp-json\/wp\/v2\/posts"}],"about":[{"href":"https:\/\/immo.lecourrier.es\/index.php\/wp-json\/wp\/v2\/types\/post"}],"author":[{"embeddable":true,"href":"https:\/\/immo.lecourrier.es\/index.php\/wp-json\/wp\/v2\/users\/462"}],"replies":[{"embeddable":true,"href":"https:\/\/immo.lecourrier.es\/index.php\/wp-json\/wp\/v2\/comments?post=60820"}],"version-history":[{"count":0,"href":"https:\/\/immo.lecourrier.es\/index.php\/wp-json\/wp\/v2\/posts\/60820\/revisions"}],"wp:featuredmedia":[{"embeddable":true,"href":"https:\/\/immo.lecourrier.es\/index.php\/wp-json\/wp\/v2\/media\/47319"}],"wp:attachment":[{"href":"https:\/\/immo.lecourrier.es\/index.php\/wp-json\/wp\/v2\/media?parent=60820"}],"wp:term":[{"taxonomy":"category","embeddable":true,"href":"https:\/\/immo.lecourrier.es\/index.php\/wp-json\/wp\/v2\/categories?post=60820"},{"taxonomy":"post_tag","embeddable":true,"href":"https:\/\/immo.lecourrier.es\/index.php\/wp-json\/wp\/v2\/tags?post=60820"}],"curies":[{"name":"wp","href":"https:\/\/api.w.org\/{rel}","templated":true}]}}