{"id":60814,"date":"2024-07-06T22:15:07","date_gmt":"2024-07-06T22:15:07","guid":{"rendered":"https:\/\/immo.lecourrier.es\/index.php\/2024\/07\/06\/valence-naidera-plus-les-ong\/"},"modified":"2026-03-04T16:48:48","modified_gmt":"2026-03-04T16:48:48","slug":"valence-naidera-plus-les-ong","status":"publish","type":"post","link":"https:\/\/immo.lecourrier.es\/index.php\/2024\/07\/06\/valence-naidera-plus-les-ong\/","title":{"rendered":"Valence n\u2019aidera plus les ONG"},"content":{"rendered":"<p><strong>Le vice-pr\u00e9sident du Gouvernement valencien, Jos\u00e9 C\u00edscar, l\u2019a assur\u00e9 la semaine derni\u00e8re. Les ONG sous contr\u00f4le judiciaire pour d\u00e9tournement de fonds publics suppos\u00e9s, destin\u00e9s aux projets de coop\u00e9ration, ne recevront plus aucune subvention de la Generalidat.<\/strong>  Sont concern\u00e9es par cette annonce la Fondation H\u00e9misph\u00e8re, Esp\u00e9rance sans les Fronti\u00e8res, Fudersa, l&rsquo;Asade-Afrique, la Fondation Culturelle et les \u00c9tudes Sociales. ONG qui sont toutes entendues au Tribunal d&rsquo;Instruction de Valence pour des m\u00e9faits. Cependant et en gage de bonne foi, la r\u00e9gion de Castell\u00f3n a r\u00e9cemment approuv\u00e9 une subvention de 9.500 euros pour l&rsquo;ONG \u00ab Esp\u00e9rance sans les Fronti\u00e8res \u00bb qu\u2019elle touchera si elle justifie convenablement les frais de son projet pr\u00e9sent\u00e9 pour la Tha\u00eflande. Une aide qui ferait presque oublier que l\u2019ONG en Espagne est en crise.  <strong>Les ONG sous surveillance<\/strong>  Le remplacement de deux hauts responsables destitu\u00e9s par le scandale des fonds de coop\u00e9ration, a jet\u00e9 un pav\u00e9 dans une mare d\u00e9j\u00e0 boueuse. Plusieurs dirigeants plac\u00e9s notamment sous \u00e9coute t\u00e9l\u00e9phonique, sont accus\u00e9s de contournement de fonds, destin\u00e9s normalement aux n\u00e9cessiteux. Une affaire sensible qui a contraint le gouvernement \u00e0 plus de m\u00e9fiance et de fermet\u00e9. Ainsi Jos\u00e9 C\u00edscar a insist\u00e9 pour que le conseil soit pr\u00e9venu de chaque faute ou manquements. En fait, le pr\u00e9sident de la g\u00e9n\u00e9ralidat Alberto Fabra, ne veut plus l\u2019ombre d\u2019un doute, sur aucun membre de son parti. Et il pr\u00e9vient \u00ab<em>au moindre doute, plus de subventions<\/em>\u00bb.  I.M<\/p>\n","protected":false},"excerpt":{"rendered":"<p>Le vice-pr\u00e9sident du Gouvernement valencien, Jos\u00e9 C\u00edscar, l\u2019a assur\u00e9 la semaine derni\u00e8re. Les ONG sous contr\u00f4le judiciaire pour d\u00e9tournement de fonds publics suppos\u00e9s, destin\u00e9s aux projets de coop\u00e9ration, ne recevront plus aucune subvention de la Generalidat. Sont concern\u00e9es par cette annonce la Fondation H\u00e9misph\u00e8re, Esp\u00e9rance sans les Fronti\u00e8res, Fudersa, l&rsquo;Asade-Afrique, la Fondation Culturelle et les [&hellip;]<\/p>\n","protected":false},"author":462,"featured_media":47297,"comment_status":"open","ping_status":"closed","sticky":false,"template":"","format":"standard","meta":{"om_disable_all_campaigns":false,"_monsterinsights_skip_tracking":false,"_monsterinsights_sitenote_active":false,"_monsterinsights_sitenote_note":"","_monsterinsights_sitenote_category":0,"_uf_show_specific_survey":0,"_uf_disable_surveys":false,"footnotes":""},"categories":[212],"tags":[],"class_list":["post-60814","post","type-post","status-publish","format-standard","has-post-thumbnail","hentry","category-breaking-news"],"acf":[],"_links":{"self":[{"href":"https:\/\/immo.lecourrier.es\/index.php\/wp-json\/wp\/v2\/posts\/60814","targetHints":{"allow":["GET"]}}],"collection":[{"href":"https:\/\/immo.lecourrier.es\/index.php\/wp-json\/wp\/v2\/posts"}],"about":[{"href":"https:\/\/immo.lecourrier.es\/index.php\/wp-json\/wp\/v2\/types\/post"}],"author":[{"embeddable":true,"href":"https:\/\/immo.lecourrier.es\/index.php\/wp-json\/wp\/v2\/users\/462"}],"replies":[{"embeddable":true,"href":"https:\/\/immo.lecourrier.es\/index.php\/wp-json\/wp\/v2\/comments?post=60814"}],"version-history":[{"count":0,"href":"https:\/\/immo.lecourrier.es\/index.php\/wp-json\/wp\/v2\/posts\/60814\/revisions"}],"wp:featuredmedia":[{"embeddable":true,"href":"https:\/\/immo.lecourrier.es\/index.php\/wp-json\/wp\/v2\/media\/47297"}],"wp:attachment":[{"href":"https:\/\/immo.lecourrier.es\/index.php\/wp-json\/wp\/v2\/media?parent=60814"}],"wp:term":[{"taxonomy":"category","embeddable":true,"href":"https:\/\/immo.lecourrier.es\/index.php\/wp-json\/wp\/v2\/categories?post=60814"},{"taxonomy":"post_tag","embeddable":true,"href":"https:\/\/immo.lecourrier.es\/index.php\/wp-json\/wp\/v2\/tags?post=60814"}],"curies":[{"name":"wp","href":"https:\/\/api.w.org\/{rel}","templated":true}]}}