{"id":60805,"date":"2024-07-06T22:05:08","date_gmt":"2024-07-06T22:05:08","guid":{"rendered":"https:\/\/immo.lecourrier.es\/index.php\/2024\/07\/06\/en-espagne-le-nouvel-ipad-4g-nest-pas-pour-tout-de-suite\/"},"modified":"2026-03-04T16:33:24","modified_gmt":"2026-03-04T16:33:24","slug":"en-espagne-le-nouvel-ipad-4g-nest-pas-pour-tout-de-suite","status":"publish","type":"post","link":"https:\/\/immo.lecourrier.es\/index.php\/2024\/07\/06\/en-espagne-le-nouvel-ipad-4g-nest-pas-pour-tout-de-suite\/","title":{"rendered":"En Espagne, le nouvel iPad 4G n\u2019est pas pour tout de suite"},"content":{"rendered":"<p><strong>Apple a vendu 15.4 millions d\u2019Ipad. Le nouvel iPad a \u00e9t\u00e9 pr\u00e9sent\u00e9, il poss\u00e8de une version 4G, seulement l\u00e0 \u00e7a coince.<\/strong>  Apple a lanc\u00e9 la version 4G de son nouvel iPad, cependant, si la personne veut l\u2019utiliser en Espagne il ne pourra pas. Les connexions 4G vont jusqu\u2019\u00e0 100 Mbps de vitesse de chargement, et en Espagne ce ne sera pas le cas avant 2013, on n\u2019a acc\u00e8s pour le moment qu\u2019\u00e0 la 3G. L\u2019Espagne n\u2019est pas la seule, la France, et le Royaume-Uni n\u2019y auront acc\u00e8s qu\u2019\u00e0 partir de l\u2019ann\u00e9e prochaine. En Espagne, on a d\u00e9j\u00e0 install\u00e9 des connexions 4<sup>e<\/sup>\u00a0g\u00e9n\u00e9ration mais surtout pour les entreprises.  La sortie en Espagne est pr\u00e9vue pour le 23 mars, Apple a pris l\u00e0 un \u00e9norme risque, et cette couverture internet trop faible risque d\u2019\u00eatre un frein pour les ventes de ce mod\u00e8le en particulier.  Loren.GC<\/p>\n","protected":false},"excerpt":{"rendered":"<p>Apple a vendu 15.4 millions d\u2019Ipad. Le nouvel iPad a \u00e9t\u00e9 pr\u00e9sent\u00e9, il poss\u00e8de une version 4G, seulement l\u00e0 \u00e7a coince. Apple a lanc\u00e9 la version 4G de son nouvel iPad, cependant, si la personne veut l\u2019utiliser en Espagne il ne pourra pas. Les connexions 4G vont jusqu\u2019\u00e0 100 Mbps de vitesse de chargement, et [&hellip;]<\/p>\n","protected":false},"author":462,"featured_media":47265,"comment_status":"open","ping_status":"closed","sticky":false,"template":"","format":"standard","meta":{"om_disable_all_campaigns":false,"_monsterinsights_skip_tracking":false,"_monsterinsights_sitenote_active":false,"_monsterinsights_sitenote_note":"","_monsterinsights_sitenote_category":0,"_uf_show_specific_survey":0,"_uf_disable_surveys":false,"footnotes":""},"categories":[212],"tags":[],"class_list":["post-60805","post","type-post","status-publish","format-standard","has-post-thumbnail","hentry","category-breaking-news"],"acf":[],"_links":{"self":[{"href":"https:\/\/immo.lecourrier.es\/index.php\/wp-json\/wp\/v2\/posts\/60805","targetHints":{"allow":["GET"]}}],"collection":[{"href":"https:\/\/immo.lecourrier.es\/index.php\/wp-json\/wp\/v2\/posts"}],"about":[{"href":"https:\/\/immo.lecourrier.es\/index.php\/wp-json\/wp\/v2\/types\/post"}],"author":[{"embeddable":true,"href":"https:\/\/immo.lecourrier.es\/index.php\/wp-json\/wp\/v2\/users\/462"}],"replies":[{"embeddable":true,"href":"https:\/\/immo.lecourrier.es\/index.php\/wp-json\/wp\/v2\/comments?post=60805"}],"version-history":[{"count":0,"href":"https:\/\/immo.lecourrier.es\/index.php\/wp-json\/wp\/v2\/posts\/60805\/revisions"}],"wp:featuredmedia":[{"embeddable":true,"href":"https:\/\/immo.lecourrier.es\/index.php\/wp-json\/wp\/v2\/media\/47265"}],"wp:attachment":[{"href":"https:\/\/immo.lecourrier.es\/index.php\/wp-json\/wp\/v2\/media?parent=60805"}],"wp:term":[{"taxonomy":"category","embeddable":true,"href":"https:\/\/immo.lecourrier.es\/index.php\/wp-json\/wp\/v2\/categories?post=60805"},{"taxonomy":"post_tag","embeddable":true,"href":"https:\/\/immo.lecourrier.es\/index.php\/wp-json\/wp\/v2\/tags?post=60805"}],"curies":[{"name":"wp","href":"https:\/\/api.w.org\/{rel}","templated":true}]}}