{"id":60802,"date":"2024-07-06T22:00:15","date_gmt":"2024-07-06T22:00:15","guid":{"rendered":"https:\/\/immo.lecourrier.es\/index.php\/2024\/07\/06\/nouvelle-taxe-touristique-dans-les-hotels-en-catalogne\/"},"modified":"2026-03-04T16:31:03","modified_gmt":"2026-03-04T16:31:03","slug":"nouvelle-taxe-touristique-dans-les-hotels-en-catalogne","status":"publish","type":"post","link":"https:\/\/immo.lecourrier.es\/index.php\/2024\/07\/06\/nouvelle-taxe-touristique-dans-les-hotels-en-catalogne\/","title":{"rendered":"Nouvelle taxe touristique dans les h\u00f4tels en Catalogne"},"content":{"rendered":"<p>Le parlement catalan a approuv\u00e9 une nouvelle taxe touristique h\u00f4teli\u00e8re qui rentrera en vigueur le 1er novembre 2012. Dans les h\u00f4tels 5 \u00e9toiles, les touristes devront payer une taxe de 2,5 euros par nuit. Pour les quatre \u00e9toiles, elle sera d\u2019un montant de 1, 25 euros \u00a0la nuit\u00e9e \u00e0 Barcelone et de 1 euros dans le reste de la r\u00e9gion.\u00a0 Pour les autres cat\u00e9gories, la taxe sera de 0, 75 euros par nuit dans la capitale catalane et de 50 centimes dans le reste de la Catalogne.  &nbsp;  LCE<\/p>\n","protected":false},"excerpt":{"rendered":"<p>Le parlement catalan a approuv\u00e9 une nouvelle taxe touristique h\u00f4teli\u00e8re qui rentrera en vigueur le 1er novembre 2012. Dans les h\u00f4tels 5 \u00e9toiles, les touristes devront payer une taxe de 2,5 euros par nuit. Pour les quatre \u00e9toiles, elle sera d\u2019un montant de 1, 25 euros \u00a0la nuit\u00e9e \u00e0 Barcelone et de 1 euros dans [&hellip;]<\/p>\n","protected":false},"author":462,"featured_media":0,"comment_status":"open","ping_status":"closed","sticky":false,"template":"","format":"standard","meta":{"om_disable_all_campaigns":false,"_monsterinsights_skip_tracking":false,"_monsterinsights_sitenote_active":false,"_monsterinsights_sitenote_note":"","_monsterinsights_sitenote_category":0,"_uf_show_specific_survey":0,"_uf_disable_surveys":false,"footnotes":""},"categories":[212],"tags":[],"class_list":["post-60802","post","type-post","status-publish","format-standard","hentry","category-breaking-news"],"acf":[],"_links":{"self":[{"href":"https:\/\/immo.lecourrier.es\/index.php\/wp-json\/wp\/v2\/posts\/60802","targetHints":{"allow":["GET"]}}],"collection":[{"href":"https:\/\/immo.lecourrier.es\/index.php\/wp-json\/wp\/v2\/posts"}],"about":[{"href":"https:\/\/immo.lecourrier.es\/index.php\/wp-json\/wp\/v2\/types\/post"}],"author":[{"embeddable":true,"href":"https:\/\/immo.lecourrier.es\/index.php\/wp-json\/wp\/v2\/users\/462"}],"replies":[{"embeddable":true,"href":"https:\/\/immo.lecourrier.es\/index.php\/wp-json\/wp\/v2\/comments?post=60802"}],"version-history":[{"count":0,"href":"https:\/\/immo.lecourrier.es\/index.php\/wp-json\/wp\/v2\/posts\/60802\/revisions"}],"wp:attachment":[{"href":"https:\/\/immo.lecourrier.es\/index.php\/wp-json\/wp\/v2\/media?parent=60802"}],"wp:term":[{"taxonomy":"category","embeddable":true,"href":"https:\/\/immo.lecourrier.es\/index.php\/wp-json\/wp\/v2\/categories?post=60802"},{"taxonomy":"post_tag","embeddable":true,"href":"https:\/\/immo.lecourrier.es\/index.php\/wp-json\/wp\/v2\/tags?post=60802"}],"curies":[{"name":"wp","href":"https:\/\/api.w.org\/{rel}","templated":true}]}}