{"id":60796,"date":"2024-07-06T21:55:07","date_gmt":"2024-07-06T21:55:07","guid":{"rendered":"https:\/\/immo.lecourrier.es\/index.php\/2024\/07\/06\/exposition-encontrarte-rencontre-avec-lisa-cuomo\/"},"modified":"2026-03-04T16:21:09","modified_gmt":"2026-03-04T16:21:09","slug":"exposition-encontrarte-rencontre-avec-lisa-cuomo","status":"publish","type":"post","link":"https:\/\/immo.lecourrier.es\/index.php\/2024\/07\/06\/exposition-encontrarte-rencontre-avec-lisa-cuomo\/","title":{"rendered":"Exposition Encontr&rsquo;Arte, rencontre avec Lisa Cuomo"},"content":{"rendered":"<p><figure id=\"attachment_2479\" aria-describedby=\"caption-attachment-2479\" style=\"width: 259px\" class=\"wp-caption alignleft\"><figcaption id=\"caption-attachment-2479\" class=\"wp-caption-text\">Lisa Cuomo<\/figcaption><\/figure>\n<p>  <strong>La semaine derni\u00e8re l&rsquo;inauguration de l&rsquo;exposition \u00ab\u00a0Encontr&rsquo;arte mujeres francofonas\u00a0\u00bb a eu lieu \u00e0 l&rsquo;Alliance fran\u00e7aise puis dans la galerie d&rsquo;art Atalante. Le Courrier d&rsquo;Espagne a eu le plaisir de retrouver <a href=\"https:\/\/lecourrier.es\/un-nouvel-investissement-espagnol-au-mexique\/\" target=\"_blank\">Lisa Cuomo<\/a>.<\/strong>  &nbsp;  &nbsp;  Tous les arts sont r\u00e9unis autour de cette exposition, la peinture, la scultpure , en passant par la photographie.Ce mois-ci on laisse la place a la f\u00e9minit\u00e9&#8230; Lisa Cuomo expose \u00e0 la galerie Atalante plusieurs portraits de femmes, des femmes importantes, jeunes, plus \u00e2g\u00e9es, marqu\u00e9es par le temps&#8230; On assiste \u00e0 un v\u00e9ritable \u00e9ventail de femmes \u00e0 plusieurs moments de l&rsquo;histoire. L&rsquo;artiste fran\u00e7aise expose une nouvelle fois \u00e0 Madrid. Elle regroupe plusieurs techniques: le dessin, la gravure, la peinture \u00e0 l&rsquo;huile, l&rsquo;illustration et le po\u00e8me.\u00a0\u00bb<em>Les arts sont interconnect\u00e9s<\/em>\u00a0\u00bb souligne Lisa, elle puise son inspiration dans des th\u00e8mes tels que l&rsquo;\u00e9conomie ou la sociologie. \u00ab\u00a0<em>Bien que la photographie existe, pour maintenir l&rsquo;essence de cette personne dans le temps, la peinture est un meilleur arr\u00eat sur image<\/em>.\u00a0\u00bb\u00a0\u00a0Ses portraits avec cette touche expressionniste plaisent autant aux hommes qu&rsquo;aux femmes. Lisa Cuomo est ravie de participer \u00e0 ce concept \u00ab\u00a0d&rsquo;Art Dating\u00a0\u00bb et de pouvoir partager un moment privil\u00e9gi\u00e9 avec son public. \u00ab\u00a0<em>Je sais qu&rsquo;un tableau est termin\u00e9 lorsque je sens que je ne suis plus seule dans la pi\u00e8ce\u00a0\u00bb.<\/em>  Par la suite, Lisa souhaiterait avoir plus de temps pour la peinture, collaborer avec une galerie \u00e0 un niveau international puisque comme elle le rappelle \u00ab\u00a0un artiste sans galerie c&rsquo;est comme une maison sans fen\u00eatres\u00a0\u00bb. Nous la retrouverons peut-\u00eatre \u00e0 New-York, l\u00e0 o\u00f9 90% de l&rsquo;art mondial circule.  Loren.GC  &nbsp;<\/p>\n","protected":false},"excerpt":{"rendered":"<p>Lisa Cuomo La semaine derni\u00e8re l&rsquo;inauguration de l&rsquo;exposition \u00ab\u00a0Encontr&rsquo;arte mujeres francofonas\u00a0\u00bb a eu lieu \u00e0 l&rsquo;Alliance fran\u00e7aise puis dans la galerie d&rsquo;art Atalante. Le Courrier d&rsquo;Espagne a eu le plaisir de retrouver Lisa Cuomo. &nbsp; &nbsp; Tous les arts sont r\u00e9unis autour de cette exposition, la peinture, la scultpure , en passant par la photographie.Ce [&hellip;]<\/p>\n","protected":false},"author":462,"featured_media":47237,"comment_status":"open","ping_status":"closed","sticky":false,"template":"","format":"standard","meta":{"om_disable_all_campaigns":false,"_monsterinsights_skip_tracking":false,"_monsterinsights_sitenote_active":false,"_monsterinsights_sitenote_note":"","_monsterinsights_sitenote_category":0,"_uf_show_specific_survey":0,"_uf_disable_surveys":false,"footnotes":""},"categories":[212],"tags":[],"class_list":["post-60796","post","type-post","status-publish","format-standard","has-post-thumbnail","hentry","category-breaking-news"],"acf":[],"_links":{"self":[{"href":"https:\/\/immo.lecourrier.es\/index.php\/wp-json\/wp\/v2\/posts\/60796","targetHints":{"allow":["GET"]}}],"collection":[{"href":"https:\/\/immo.lecourrier.es\/index.php\/wp-json\/wp\/v2\/posts"}],"about":[{"href":"https:\/\/immo.lecourrier.es\/index.php\/wp-json\/wp\/v2\/types\/post"}],"author":[{"embeddable":true,"href":"https:\/\/immo.lecourrier.es\/index.php\/wp-json\/wp\/v2\/users\/462"}],"replies":[{"embeddable":true,"href":"https:\/\/immo.lecourrier.es\/index.php\/wp-json\/wp\/v2\/comments?post=60796"}],"version-history":[{"count":0,"href":"https:\/\/immo.lecourrier.es\/index.php\/wp-json\/wp\/v2\/posts\/60796\/revisions"}],"wp:featuredmedia":[{"embeddable":true,"href":"https:\/\/immo.lecourrier.es\/index.php\/wp-json\/wp\/v2\/media\/47237"}],"wp:attachment":[{"href":"https:\/\/immo.lecourrier.es\/index.php\/wp-json\/wp\/v2\/media?parent=60796"}],"wp:term":[{"taxonomy":"category","embeddable":true,"href":"https:\/\/immo.lecourrier.es\/index.php\/wp-json\/wp\/v2\/categories?post=60796"},{"taxonomy":"post_tag","embeddable":true,"href":"https:\/\/immo.lecourrier.es\/index.php\/wp-json\/wp\/v2\/tags?post=60796"}],"curies":[{"name":"wp","href":"https:\/\/api.w.org\/{rel}","templated":true}]}}