{"id":60795,"date":"2024-07-06T21:55:06","date_gmt":"2024-07-06T21:55:06","guid":{"rendered":"https:\/\/immo.lecourrier.es\/index.php\/2024\/07\/06\/accor-ouvre-un-hotel-ibis-a-madrid\/"},"modified":"2026-03-04T16:21:06","modified_gmt":"2026-03-04T16:21:06","slug":"accor-ouvre-un-hotel-ibis-a-madrid","status":"publish","type":"post","link":"https:\/\/immo.lecourrier.es\/index.php\/2024\/07\/06\/accor-ouvre-un-hotel-ibis-a-madrid\/","title":{"rendered":"Accor ouvre un h\u00f4tel Ibis \u00e0 Madrid"},"content":{"rendered":"<p><strong>Le nouvel Ibis ouvre ses portes \u00e0 la Plaza de Toros de las Ventas, dans la capitale espagnole.<\/strong>  C\u2019est le 43\u00e8me Ibis \u00e0 voir le jour \u00a0en Espagne ! Le groupe Accor a install\u00e9 son nouvel h\u00f4tel dans le centre de Madrid. Au total 111 chambres sont disponibles: 3 d\u2019entre elles sont adapt\u00e9es pour les personnes invalides, 5 avec terrasses, 8 communicantes et \u00a021 triples.  <strong>Des chambres \u00e9quip\u00e9es<\/strong>  Les clients pourront admirer\u00a0 depuis\u00a0 leur\u00a0 fen\u00eatre la place de Las Ventas. Les chambres sont toutes \u00e9quip\u00e9es d&rsquo; un \u00e9cran LCD, Wi Fi, c\u00e2ble satellite, clim, t\u00e9l\u00e9phone avec Pc Modem etc.\u00a0 L&rsquo;h\u00f4tel compte aussi une salle \u00e0 manger et un\u00a0 bar ouvert jour et nuit.  CdS<\/p>\n","protected":false},"excerpt":{"rendered":"<p>Le nouvel Ibis ouvre ses portes \u00e0 la Plaza de Toros de las Ventas, dans la capitale espagnole. C\u2019est le 43\u00e8me Ibis \u00e0 voir le jour \u00a0en Espagne ! Le groupe Accor a install\u00e9 son nouvel h\u00f4tel dans le centre de Madrid. Au total 111 chambres sont disponibles: 3 d\u2019entre elles sont adapt\u00e9es pour les [&hellip;]<\/p>\n","protected":false},"author":462,"featured_media":41461,"comment_status":"open","ping_status":"closed","sticky":false,"template":"","format":"standard","meta":{"om_disable_all_campaigns":false,"_monsterinsights_skip_tracking":false,"_monsterinsights_sitenote_active":false,"_monsterinsights_sitenote_note":"","_monsterinsights_sitenote_category":0,"_uf_show_specific_survey":0,"_uf_disable_surveys":false,"footnotes":""},"categories":[212],"tags":[],"class_list":["post-60795","post","type-post","status-publish","format-standard","has-post-thumbnail","hentry","category-breaking-news"],"acf":[],"_links":{"self":[{"href":"https:\/\/immo.lecourrier.es\/index.php\/wp-json\/wp\/v2\/posts\/60795","targetHints":{"allow":["GET"]}}],"collection":[{"href":"https:\/\/immo.lecourrier.es\/index.php\/wp-json\/wp\/v2\/posts"}],"about":[{"href":"https:\/\/immo.lecourrier.es\/index.php\/wp-json\/wp\/v2\/types\/post"}],"author":[{"embeddable":true,"href":"https:\/\/immo.lecourrier.es\/index.php\/wp-json\/wp\/v2\/users\/462"}],"replies":[{"embeddable":true,"href":"https:\/\/immo.lecourrier.es\/index.php\/wp-json\/wp\/v2\/comments?post=60795"}],"version-history":[{"count":0,"href":"https:\/\/immo.lecourrier.es\/index.php\/wp-json\/wp\/v2\/posts\/60795\/revisions"}],"wp:featuredmedia":[{"embeddable":true,"href":"https:\/\/immo.lecourrier.es\/index.php\/wp-json\/wp\/v2\/media\/41461"}],"wp:attachment":[{"href":"https:\/\/immo.lecourrier.es\/index.php\/wp-json\/wp\/v2\/media?parent=60795"}],"wp:term":[{"taxonomy":"category","embeddable":true,"href":"https:\/\/immo.lecourrier.es\/index.php\/wp-json\/wp\/v2\/categories?post=60795"},{"taxonomy":"post_tag","embeddable":true,"href":"https:\/\/immo.lecourrier.es\/index.php\/wp-json\/wp\/v2\/tags?post=60795"}],"curies":[{"name":"wp","href":"https:\/\/api.w.org\/{rel}","templated":true}]}}