{"id":60730,"date":"2024-07-06T20:45:06","date_gmt":"2024-07-06T20:45:06","guid":{"rendered":"https:\/\/immo.lecourrier.es\/index.php\/2024\/07\/06\/un-nouveau-pierre-vacances-en-catalogne\/"},"modified":"2026-03-04T15:10:44","modified_gmt":"2026-03-04T15:10:44","slug":"un-nouveau-pierre-vacances-en-catalogne","status":"publish","type":"post","link":"https:\/\/immo.lecourrier.es\/index.php\/2024\/07\/06\/un-nouveau-pierre-vacances-en-catalogne\/","title":{"rendered":"Un nouveau Pierre &#038; Vacances en Catalogne"},"content":{"rendered":"<p>Le 25 mai prochain, Pierre &amp; Vacances ouvre un complexe h\u00f4telier en Catalogne apr\u00e8s avoir investi 400.000 euros. Il sera situ\u00e9 sur la Costa Brava, \u00e0 250 m\u00e8tres de la plage et comptera 41 appartements avec service h\u00f4telier. Ce sera la 6<sup>e<\/sup> r\u00e9sidence du groupe en Catalogne et la 18<sup>e<\/sup> en Espagne.  LCE<\/p>\n","protected":false},"excerpt":{"rendered":"<p>Le 25 mai prochain, Pierre &amp; Vacances ouvre un complexe h\u00f4telier en Catalogne apr\u00e8s avoir investi 400.000 euros. Il sera situ\u00e9 sur la Costa Brava, \u00e0 250 m\u00e8tres de la plage et comptera 41 appartements avec service h\u00f4telier. Ce sera la 6e r\u00e9sidence du groupe en Catalogne et la 18e en Espagne. LCE<\/p>\n","protected":false},"author":462,"featured_media":0,"comment_status":"open","ping_status":"closed","sticky":false,"template":"","format":"standard","meta":{"om_disable_all_campaigns":false,"_monsterinsights_skip_tracking":false,"_monsterinsights_sitenote_active":false,"_monsterinsights_sitenote_note":"","_monsterinsights_sitenote_category":0,"_uf_show_specific_survey":0,"_uf_disable_surveys":false,"footnotes":""},"categories":[212],"tags":[],"class_list":["post-60730","post","type-post","status-publish","format-standard","hentry","category-breaking-news"],"acf":[],"_links":{"self":[{"href":"https:\/\/immo.lecourrier.es\/index.php\/wp-json\/wp\/v2\/posts\/60730","targetHints":{"allow":["GET"]}}],"collection":[{"href":"https:\/\/immo.lecourrier.es\/index.php\/wp-json\/wp\/v2\/posts"}],"about":[{"href":"https:\/\/immo.lecourrier.es\/index.php\/wp-json\/wp\/v2\/types\/post"}],"author":[{"embeddable":true,"href":"https:\/\/immo.lecourrier.es\/index.php\/wp-json\/wp\/v2\/users\/462"}],"replies":[{"embeddable":true,"href":"https:\/\/immo.lecourrier.es\/index.php\/wp-json\/wp\/v2\/comments?post=60730"}],"version-history":[{"count":0,"href":"https:\/\/immo.lecourrier.es\/index.php\/wp-json\/wp\/v2\/posts\/60730\/revisions"}],"wp:attachment":[{"href":"https:\/\/immo.lecourrier.es\/index.php\/wp-json\/wp\/v2\/media?parent=60730"}],"wp:term":[{"taxonomy":"category","embeddable":true,"href":"https:\/\/immo.lecourrier.es\/index.php\/wp-json\/wp\/v2\/categories?post=60730"},{"taxonomy":"post_tag","embeddable":true,"href":"https:\/\/immo.lecourrier.es\/index.php\/wp-json\/wp\/v2\/tags?post=60730"}],"curies":[{"name":"wp","href":"https:\/\/api.w.org\/{rel}","templated":true}]}}